{"id":10599,"date":"2026-09-03T16:39:29","date_gmt":"2026-09-03T19:39:29","guid":{"rendered":"https:\/\/diarioelfederaense.com.ar\/?p=10599"},"modified":"2026-09-03T16:39:30","modified_gmt":"2026-09-03T19:39:30","slug":"el-gobernador-que-construyo-el-parque-acuatico-e-hizo-las-grande-obras-en-federacion-ira-preso","status":"publish","type":"post","link":"https:\/\/diarioelfederaense.com.ar\/?p=10599","title":{"rendered":"EL GOBERNADOR QUE CONSTRUY\u00d3 EL PARQUE ACU\u00c1TICO E HIZO LAS GRANDE OBRAS EN FEDERACI\u00d3N IR\u00c1 PRESO"},"content":{"rendered":"\n<p>La Corte Suprema de Justicia confirm\u00f3 la condena al exgobernador Sergio Urribarri y va a quedar detenido<\/p>\n\n\n\n<p>La Suprema Corte de Justicia dej\u00f3 firme la condena a ocho a\u00f1os de prisi\u00f3n para el exgobernador Sergio Urribarri, por los delitos de negociaci\u00f3n incompatible con la funci\u00f3n p\u00fablica y peculado en cinco causas que tramitaron los tribunales provinciales, adelant\u00f3 La Naci\u00f3n.<\/p>\n\n\n\n<p>Los jueces Horacio Rosatti, Carlos Rosenkrantz y Ricardo Lorenzetti rechazaron el recurso extraordinario de la defensa del exgobernador por considerarlo inadmisible.<\/p>\n\n\n\n<p>Estos recursos extraordinarios hab\u00edan sido presentados por el exgobernador, el exministro de Cultura y Comunicaci\u00f3n, Pedro B\u00e1ez, y el cu\u00f1ado del exmandatario, Juan Pablo Aguilera.<\/p>\n\n\n\n<p>As\u00ed ej\u00f3 firme la condena que la Justicia entrerriana les impuso en la Megacausa por delitos de corrupci\u00f3n. Los tres deber\u00e1n regresar a la Unidad Penal de Paran\u00e1 para cumplir la condena.<\/p>\n\n\n\n<p>En la misma resoluci\u00f3n, dictada en el expediente CSJ 2226\/2024, el m\u00e1ximo tribunal rechaz\u00f3 tambi\u00e9n los planteos de Gerardo Caruso, Corina Cargnel, Emiliano Giacopuzzi y Luciana Almada, con lo que la totalidad de las condenas del megajuicio qued\u00f3 firme.<\/p>\n\n\n\n<p>El fallo de la CSJ, de apenas un p\u00e1rrafo, declara inadmisibles los recursos que el Superior Tribunal de Justicia de Entre R\u00edos hab\u00eda concedido parcialmente el 22 de octubre de 2024, por aplicaci\u00f3n del art\u00edculo 280 del C\u00f3digo Procesal Civil y Comercial de la Naci\u00f3n, la herramienta que le permite a la Corte rechazar un recurso sin tratar el fondo del asunto. Los tres ministros coincidieron en la decisi\u00f3n.<\/p>\n\n\n\n<p>Urribarri, que ya hab\u00eda estado preso, hab\u00eda sido liberado en enero de 2025 tras un fallo del Superior Tribunal de Justicia. Fij\u00f3 domicilio en la ciudad de Concordia.<\/p>\n\n\n\n<p>La Fiscal\u00eda pedir\u00e1 hoy mismo la detenci\u00f3n de Uribarri, Pedro B\u00e1ez, su exministro de Cultura, y de Juan Pablo Aguilera, por riesgo de fuga.<\/p>\n\n\n\n<p>El exgobernador \u2013aliado del kirchnerismo y que durante el gobierno de Alberto Fern\u00e1ndez fue embajador en Israel\u2013 fue condenado el 7 de abril de 2022 y esa sentencia fue confirmada por la Casaci\u00f3n de Entre R\u00edos en 2023.<\/p>\n","protected":false},"excerpt":{"rendered":"<p>La Corte Suprema de Justicia confirm\u00f3 la condena al exgobernador Sergio Urribarri y va a quedar detenido La Suprema Corte de Justicia dej\u00f3 firme la condena a ocho a\u00f1os de prisi\u00f3n para el exgobernador Sergio Urribarri, por los delitos de negociaci\u00f3n incompatible con la funci\u00f3n p\u00fablica y peculado en cinco causas que tramitaron los tribunales [&hellip;]<\/p>\n","protected":false},"author":2,"featured_media":10600,"comment_status":"closed","ping_status":"closed","sticky":false,"template":"","format":"standard","meta":{"_et_pb_use_builder":"","_et_pb_old_content":"","footnotes":""},"categories":[1],"tags":[],"class_list":["post-10599","post","type-post","status-publish","format-standard","has-post-thumbnail","hentry","category-sin-categoria"],"_links":{"self":[{"href":"https:\/\/diarioelfederaense.com.ar\/index.php?rest_route=\/wp\/v2\/posts\/10599"}],"collection":[{"href":"https:\/\/diarioelfederaense.com.ar\/index.php?rest_route=\/wp\/v2\/posts"}],"about":[{"href":"https:\/\/diarioelfederaense.com.ar\/index.php?rest_route=\/wp\/v2\/types\/post"}],"author":[{"embeddable":true,"href":"https:\/\/diarioelfederaense.com.ar\/index.php?rest_route=\/wp\/v2\/users\/2"}],"replies":[{"embeddable":true,"href":"https:\/\/diarioelfederaense.com.ar\/index.php?rest_route=%2Fwp%2Fv2%2Fcomments&post=10599"}],"version-history":[{"count":1,"href":"https:\/\/diarioelfederaense.com.ar\/index.php?rest_route=\/wp\/v2\/posts\/10599\/revisions"}],"predecessor-version":[{"id":10601,"href":"https:\/\/diarioelfederaense.com.ar\/index.php?rest_route=\/wp\/v2\/posts\/10599\/revisions\/10601"}],"wp:featuredmedia":[{"embeddable":true,"href":"https:\/\/diarioelfederaense.com.ar\/index.php?rest_route=\/wp\/v2\/media\/10600"}],"wp:attachment":[{"href":"https:\/\/diarioelfederaense.com.ar\/index.php?rest_route=%2Fwp%2Fv2%2Fmedia&parent=10599"}],"wp:term":[{"taxonomy":"category","embeddable":true,"href":"https:\/\/diarioelfederaense.com.ar\/index.php?rest_route=%2Fwp%2Fv2%2Fcategories&post=10599"},{"taxonomy":"post_tag","embeddable":true,"href":"https:\/\/diarioelfederaense.com.ar\/index.php?rest_route=%2Fwp%2Fv2%2Ftags&post=10599"}],"curies":[{"name":"wp","href":"https:\/\/api.w.org\/{rel}","templated":true}]}}