{"id":10596,"date":"2026-09-03T10:31:39","date_gmt":"2026-09-03T13:31:39","guid":{"rendered":"https:\/\/diarioelfederaense.com.ar\/?p=10596"},"modified":"2026-09-03T10:31:40","modified_gmt":"2026-09-03T13:31:40","slug":"ex-trabajadores-de-granja-tres-arroyos-volveran-a-encadenarse-este-jueves-queremos-que-la-fabrica-reabra-o-que-nos-paguen-en-tiempo-y-forma","status":"publish","type":"post","link":"https:\/\/diarioelfederaense.com.ar\/?p=10596","title":{"rendered":"Ex trabajadores de Granja Tres Arroyos volver\u00e1n a encadenarse este jueves: \u201cQueremos que la f\u00e1brica reabra o que nos paguen en tiempo y forma\u201d"},"content":{"rendered":"\n<p>As\u00ed lo confirm\u00f3 un ex operador a APFDigital tras vencer la conciliaci\u00f3n obligatoria y confirmarse 270 despidos en la planta de Concepci\u00f3n del Uruguay. Reclaman el pago de cuatro quincenas adeudadas, la liquidaci\u00f3n de indemnizaciones y la intervenci\u00f3n de la Provincia en lo judicial para que las autoridades cumplan con la ley.<\/p>\n\n\n\n<p>Luego de cumplirse los 15 d\u00edas de conciliaci\u00f3n obligatoria dictada por la Secretar\u00eda de Trabajo de Entre R\u00edos, este lunes Granja Tres Arroyos ratific\u00f3 270 despidos. Ante esta situaci\u00f3n, trabajadores decidieron encadenarse frente al Juzgado Laboral de Concepci\u00f3n del Uruguay.<\/p>\n\n\n\n<p>\u201cLa medida de encadenarse es porque llegamos a un punto cr\u00edtico y lo sostendremos hasta que tengamos una respuesta concreta\u201d, inform\u00f3 un ex empleado, Cristian Almeida.<\/p>\n\n\n\n<p>Adem\u00e1s, agreg\u00f3: \u201cDesde el d\u00eda uno que la planta cerr\u00f3 sus puertas hasta hoy no hemos tenido siquiera el aviso por parte de las autoridades de la empresa si nos van a pagar la indemnizaci\u00f3n o lo que nos deben de producci\u00f3n\u201d. En ese sentido, el ex trabajador anticip\u00f3 que este jueves habr\u00e1 asamblea para definir los pasos a seguir.<\/p>\n\n\n\n<p>En ese contexto, el ex empleado pidi\u00f3 el acompa\u00f1amiento de la comunidad de Concepci\u00f3n del Uruguay: \u201cPedimos que nos comprendan porque, m\u00e1s all\u00e1 de que nosotros somos los m\u00e1s afectados, la situaci\u00f3n tambi\u00e9n complica a otros sectores como el comercio. Si no luchamos todos juntos, vamos a padecer las consecuencias\u201d.<\/p>\n\n\n\n<p>Cabe recordar que la deuda que tiene Granja Tres Arroyos con sus empleados es el pago de cuatro quincenas trabajadas y los tres meses sin actividad. \u201cM\u00e1s all\u00e1 de que no los trabajamos, nos corresponde cobrarlo porque no nos hab\u00eda llegado telegrama de despido y, por lo tanto, estamos en relaci\u00f3n de dependencia\u201d, fundament\u00f3 el trabajador autoconvocado.<\/p>\n\n\n\n<p>\u201cAgradecemos la ayuda de la Provincia, pero no es lo que necesitamos\u201d<\/p>\n\n\n\n<p>Almeida hizo referencia a la intervenci\u00f3n que el Gobierno provincial ha tenido en el conflicto. Aunque valor\u00f3 la entrega de subsidios y medidas de alivio financiero, dej\u00f3 en claro que la verdadera ayuda que necesitan los trabajadores es \u201crecuperar la fuente laboral\u201d.<\/p>\n\n\n\n<p>\u201cSe agradece la ayuda que est\u00e1n dando, pero es muy b\u00e1sica. No es lo que estamos esperando. Queremos que las puertas de la f\u00e1brica reabran y, si no nos quieren recontratar, que nos paguen la indemnizaci\u00f3n en tiempo y forma, como corresponde\u201d, manifest\u00f3.<\/p>\n\n\n\n<p>Adem\u00e1s, pidi\u00f3 a la gesti\u00f3n de Frigerio intervenir con \u201cherramientas concretas\u201d para poder solucionar el conflicto: \u201cSabemos que tienen los medios para ejercer presi\u00f3n en lo judicial a fin de que las autoridades de Granja Tres Arroyos cumplan con la ley\u201d.<\/p>\n\n\n\n<p>Representaci\u00f3n de Entre R\u00edos en la movilizaci\u00f3n del pr\u00f3ximo jueves<\/p>\n\n\n\n<p>La Uni\u00f3n Argentina de Trabajadores Rurales y Estibadores (Uatre), la Federaci\u00f3n de Trabajadores del Industrias de la Alimentaci\u00f3n, la Federaci\u00f3n de la Carne y la Uni\u00f3n Obrera Molinera Argentina (UOMA) realizar\u00e1n una marcha hacia la Secretar\u00eda de Trabajo de la Naci\u00f3n para defender m\u00e1s de 7.000 puestos laborales directos que se encuentran en riesgo.<\/p>\n\n\n\n<p>Ante la consulta de APFDigital de si iban a formar parte, Almeida confirm\u00f3 la presencia de afectados por el cierre de la planta ubicada en Concepci\u00f3n del Uruguay. En ese sentido, indic\u00f3 que era una medida que trabajadores autoconvocados le ven\u00edan pidiendo al gremio desde un primer momento.<\/p>\n\n\n\n<p>\u201cCreemos que si el gremio nos hubiera dado la atenci\u00f3n correcta tiempo atr\u00e1s, el escenario actual ser\u00eda otro, un plan de lucha m\u00e1s organizado. Es lamentable que como afiliados no hayamos tenido respuestas\u201d, alert\u00f3, exigiendo m\u00e1s apoyo del Sindicato de Trabajadores de Industrias de la Alimentaci\u00f3n (STIA).<\/p>\n\n\n\n<p>\u00bfC\u00f3mo se sobrevive d\u00eda a d\u00eda ante este panorama?<\/p>\n\n\n\n<p>Almeida record\u00f3 que en la planta trabaj\u00f3 durante 15 a\u00f1os. En la actualidad, para poder pagar servicios y alquiler vive de \u201cchangas\u201d.<\/p>\n\n\n\n<p>\u201cEs un golpe duro y cr\u00edtico. Hay d\u00edas que no sab\u00e9s si vas a poder siquiera comer, si vamos a poder pagar la luz o el gas\u201d, advirti\u00f3.<\/p>\n\n\n\n<p>En el marco de este complicado momento personal, el ex operador relat\u00f3 que su pareja tambi\u00e9n est\u00e1 sin trabajo fijo: \u201cEra empleada dom\u00e9stica y ahora est\u00e1 en la misma que yo, haciendo trabajo informal\u201d. (APFDigital)<\/p>\n","protected":false},"excerpt":{"rendered":"<p>As\u00ed lo confirm\u00f3 un ex operador a APFDigital tras vencer la conciliaci\u00f3n obligatoria y confirmarse 270 despidos en la planta de Concepci\u00f3n del Uruguay. Reclaman el pago de cuatro quincenas adeudadas, la liquidaci\u00f3n de indemnizaciones y la intervenci\u00f3n de la Provincia en lo judicial para que las autoridades cumplan con la ley. Luego de cumplirse [&hellip;]<\/p>\n","protected":false},"author":2,"featured_media":10597,"comment_status":"closed","ping_status":"closed","sticky":false,"template":"","format":"standard","meta":{"_et_pb_use_builder":"","_et_pb_old_content":"","footnotes":""},"categories":[1],"tags":[],"class_list":["post-10596","post","type-post","status-publish","format-standard","has-post-thumbnail","hentry","category-sin-categoria"],"_links":{"self":[{"href":"https:\/\/diarioelfederaense.com.ar\/index.php?rest_route=\/wp\/v2\/posts\/10596"}],"collection":[{"href":"https:\/\/diarioelfederaense.com.ar\/index.php?rest_route=\/wp\/v2\/posts"}],"about":[{"href":"https:\/\/diarioelfederaense.com.ar\/index.php?rest_route=\/wp\/v2\/types\/post"}],"author":[{"embeddable":true,"href":"https:\/\/diarioelfederaense.com.ar\/index.php?rest_route=\/wp\/v2\/users\/2"}],"replies":[{"embeddable":true,"href":"https:\/\/diarioelfederaense.com.ar\/index.php?rest_route=%2Fwp%2Fv2%2Fcomments&post=10596"}],"version-history":[{"count":1,"href":"https:\/\/diarioelfederaense.com.ar\/index.php?rest_route=\/wp\/v2\/posts\/10596\/revisions"}],"predecessor-version":[{"id":10598,"href":"https:\/\/diarioelfederaense.com.ar\/index.php?rest_route=\/wp\/v2\/posts\/10596\/revisions\/10598"}],"wp:featuredmedia":[{"embeddable":true,"href":"https:\/\/diarioelfederaense.com.ar\/index.php?rest_route=\/wp\/v2\/media\/10597"}],"wp:attachment":[{"href":"https:\/\/diarioelfederaense.com.ar\/index.php?rest_route=%2Fwp%2Fv2%2Fmedia&parent=10596"}],"wp:term":[{"taxonomy":"category","embeddable":true,"href":"https:\/\/diarioelfederaense.com.ar\/index.php?rest_route=%2Fwp%2Fv2%2Fcategories&post=10596"},{"taxonomy":"post_tag","embeddable":true,"href":"https:\/\/diarioelfederaense.com.ar\/index.php?rest_route=%2Fwp%2Fv2%2Ftags&post=10596"}],"curies":[{"name":"wp","href":"https:\/\/api.w.org\/{rel}","templated":true}]}}