{"id":10590,"date":"2026-09-03T10:22:04","date_gmt":"2026-09-03T13:22:04","guid":{"rendered":"https:\/\/diarioelfederaense.com.ar\/?p=10590"},"modified":"2026-09-03T10:22:05","modified_gmt":"2026-09-03T13:22:05","slug":"diputados-justicialistas-quieren-declarar-la-emergencia-del-sector-industrial","status":"publish","type":"post","link":"https:\/\/diarioelfederaense.com.ar\/?p=10590","title":{"rendered":"Diputados justicialistas quieren declarar la \u00abemergencia del sector industrial\u00bb"},"content":{"rendered":"\n<h2 class=\"wp-block-heading\">En el marco del D\u00eda de la Industria, presentaron un proyecto de ley para declarar, por doce meses, la emergencia del sector en toda la provincia.<\/h2>\n\n\n\n<p>2 de Septiembre de 2026<\/p>\n\n\n\n<p><a target=\"_blank\" href=\"https:\/\/api.whatsapp.com\/send?text=Diputados%20justicialistas%20quieren%20declarar%20la%20%22emergencia%20del%20sector%20industrial%22%20-%20https:\/\/diarioriouruguay.com\/politica\/\/diputados-justicialistas-quieren-declarar-la-emergencia-del-sector-industrial.htm\" rel=\"noreferrer noopener\"><\/a><a href=\"https:\/\/diarioriouruguay.com\/politica\/diputados-justicialistas-quieren-declarar-la-emergencia-del-sector-industrial.htm#\"><\/a><a href=\"javascript:copyLink('aviso', 'URL Copiada');\"><\/a><a href=\"https:\/\/diarioriouruguay.com\/politica\/diputados-justicialistas-quieren-declarar-la-emergencia-del-sector-industrial.htm#\"><\/a><a target=\"_blank\" href=\"\/\/diarioriouruguay.com\/politica\/\/diputados-justicialistas-quieren-declarar-la-emergencia-del-sector-industrial.htm\" rel=\"noreferrer noopener\"><\/a><a target=\"_blank\" href=\"https:\/\/www.google.com\/preferences\/source?q=diarioriouruguay.com\" rel=\"noreferrer noopener\"><\/a><a href=\"https:\/\/diarioriouruguay.com\/politica\/diputados-justicialistas-quieren-declarar-la-emergencia-del-sector-industrial.htm#comentarios\"><\/a><\/p>\n\n\n\n<figure class=\"wp-block-image\"><img decoding=\"async\" src=\"https:\/\/diarioriouruguay.com\/galeria\/fotos\/2026\/09\/02\/l_1788371860_39341.webp\" alt=\"Buscan declarar la emergencia del sector.\" title=\"Buscan declarar la emergencia del sector.\"\/><figcaption class=\"wp-element-caption\">Buscan declarar la emergencia del sector.<\/figcaption><\/figure>\n\n\n\n<p><em>D\u00eda de la Industria<\/em><\/p>\n\n\n\n<p>En el marco del D\u00eda de la Industria, diputados y diputadas del bloque M\u00e1s para Entre R\u00edos presentaron un proyecto de ley para declarar, por doce meses, la Emergencia del Sector Industrial de la provincia, con posibilidad de pr\u00f3rroga sobre la base de indicadores de actividad, empleo y producci\u00f3n.<\/p>\n\n\n\n<h3 class=\"wp-block-heading\">Emergencia<\/h3>\n\n\n\n<figure class=\"wp-block-image\"><a href=\"https:\/\/www.instagram.com\/internetplusconcordia\/\" target=\"_blank\" rel=\"noreferrer noopener\"><img decoding=\"async\" src=\"https:\/\/diarioriouruguay.com\/galeria\/publicidad\/1739995644.png\" alt=\"\"\/><\/a><\/figure>\n\n\n\n<p>La iniciativa busca que esta fecha no sea solamente una jornada de reconocimiento, sino tambi\u00e9n una oportunidad para impulsar medidas concretas destinadas a preservar la producci\u00f3n entrerriana, sostener las fuentes de trabajo y evitar el cierre o la paralizaci\u00f3n de establecimientos.<\/p>\n\n\n\n<p>Para ello, se propone crear el Certificado de Emergencia Industrial Entrerriana para empresas que acrediten ca\u00eddas en sus ventas o producci\u00f3n, dificultades para financiar capital de trabajo, aumentos extraordinarios de costos o riesgo de suspensiones y despidos.<\/p>\n\n\n\n<p>Seg\u00fan el proyecto, las industrias alcanzadas podr\u00e1n acceder a facilidades tributarias mediante ATER, regularizaci\u00f3n de deudas, mecanismos frente a ejecuciones fiscales, l\u00edneas de financiamiento productivo y medidas para afrontar los costos energ\u00e9ticos. Los beneficios estar\u00e1n especialmente orientados a las micro, peque\u00f1as y medianas empresas y al sostenimiento del empleo.<\/p>\n\n\n\n<figure class=\"wp-block-image\"><a href=\"https:\/\/www.iafas.gov.ar\/\" target=\"_blank\" rel=\"noreferrer noopener\"><img decoding=\"async\" src=\"https:\/\/diarioriouruguay.com\/galeria\/publicidad\/1739992120.gif\" alt=\"\"\/><\/a><\/figure>\n\n\n\n<p>Durante la sesi\u00f3n especial desarrollada este mi\u00e9rcoles, el diputado Enrique Cresto, impulsor de la iniciativa junto al bloque justicialista, explic\u00f3 que el proyecto surgi\u00f3 a partir del di\u00e1logo con industriales de distintos puntos de Entre R\u00edos.<\/p>\n\n\n\n<p>\u201cMuchas son industrias familiares que nacieron con sus abuelos, continuaron con sus padres y hoy son sostenidas por nuevas generaciones que no quieren resignarse a cerrar. No quieren dejar de producir para convertirse simplemente en comercios que venden productos elaborados en otros lugares\u201d, expres\u00f3 Cresto.<\/p>\n\n\n\n<p>El legislador advirti\u00f3 que cuando una industria deja de fabricar y pasa solamente a comercializar, la principal variable de ajuste son los trabajadores. \u201cSe pierde empleo, conocimiento, inversi\u00f3n y valor agregado local. Por eso debemos actuar antes de que las f\u00e1bricas cierren y las consecuencias sean irreversibles\u201d, sostuvo.<\/p>\n\n\n\n<p>El proyecto toma como referencia un informe de CEPA elaborado sobre datos oficiales, que se\u00f1ala que entre noviembre de 2023 y mayo de 2026 se perdieron m\u00e1s de 97.000 empleos industriales registrados y desaparecieron m\u00e1s de 4.000 establecimientos manufactureros en todo el pa\u00eds. Adem\u00e1s, la utilizaci\u00f3n de la capacidad instalada cay\u00f3 al 59,1%.<\/p>\n\n\n\n<p>La iniciativa tambi\u00e9n propone crear una Comisi\u00f3n de Seguimiento con participaci\u00f3n del Estado, la Legislatura, trabajadores, c\u00e1maras empresariales y universidades, e invita a los municipios y comunas a implementar medidas complementarias de alivio.<\/p>\n\n\n\n<p>Desde el bloque M\u00e1s para Entre R\u00edos remarcaron que, en el D\u00eda de la Industria, la mejor manera de acompa\u00f1ar a quienes producen, invierten y generan trabajo es brindarles herramientas concretas para que puedan continuar haci\u00e9ndolo.<\/p>\n\n\n\n<p>\u201cDeclarar la emergencia no significa afirmar que toda la industria entrerriana se encuentra paralizada, sino actuar preventivamente para sostener la producci\u00f3n y el empleo antes de que la crisis nacional provoque el cierre irreversible de establecimientos productivos en nuestra provincia\u201d, se\u00f1alaron.<\/p>\n","protected":false},"excerpt":{"rendered":"<p>En el marco del D\u00eda de la Industria, presentaron un proyecto de ley para declarar, por doce meses, la emergencia del sector en toda la provincia. 2 de Septiembre de 2026 D\u00eda de la Industria En el marco del D\u00eda de la Industria, diputados y diputadas del bloque M\u00e1s para Entre R\u00edos presentaron un proyecto [&hellip;]<\/p>\n","protected":false},"author":2,"featured_media":10591,"comment_status":"closed","ping_status":"closed","sticky":false,"template":"","format":"standard","meta":{"_et_pb_use_builder":"","_et_pb_old_content":"","footnotes":""},"categories":[1],"tags":[],"class_list":["post-10590","post","type-post","status-publish","format-standard","has-post-thumbnail","hentry","category-sin-categoria"],"_links":{"self":[{"href":"https:\/\/diarioelfederaense.com.ar\/index.php?rest_route=\/wp\/v2\/posts\/10590"}],"collection":[{"href":"https:\/\/diarioelfederaense.com.ar\/index.php?rest_route=\/wp\/v2\/posts"}],"about":[{"href":"https:\/\/diarioelfederaense.com.ar\/index.php?rest_route=\/wp\/v2\/types\/post"}],"author":[{"embeddable":true,"href":"https:\/\/diarioelfederaense.com.ar\/index.php?rest_route=\/wp\/v2\/users\/2"}],"replies":[{"embeddable":true,"href":"https:\/\/diarioelfederaense.com.ar\/index.php?rest_route=%2Fwp%2Fv2%2Fcomments&post=10590"}],"version-history":[{"count":1,"href":"https:\/\/diarioelfederaense.com.ar\/index.php?rest_route=\/wp\/v2\/posts\/10590\/revisions"}],"predecessor-version":[{"id":10592,"href":"https:\/\/diarioelfederaense.com.ar\/index.php?rest_route=\/wp\/v2\/posts\/10590\/revisions\/10592"}],"wp:featuredmedia":[{"embeddable":true,"href":"https:\/\/diarioelfederaense.com.ar\/index.php?rest_route=\/wp\/v2\/media\/10591"}],"wp:attachment":[{"href":"https:\/\/diarioelfederaense.com.ar\/index.php?rest_route=%2Fwp%2Fv2%2Fmedia&parent=10590"}],"wp:term":[{"taxonomy":"category","embeddable":true,"href":"https:\/\/diarioelfederaense.com.ar\/index.php?rest_route=%2Fwp%2Fv2%2Fcategories&post=10590"},{"taxonomy":"post_tag","embeddable":true,"href":"https:\/\/diarioelfederaense.com.ar\/index.php?rest_route=%2Fwp%2Fv2%2Ftags&post=10590"}],"curies":[{"name":"wp","href":"https:\/\/api.w.org\/{rel}","templated":true}]}}