{"id":10587,"date":"2026-09-02T18:12:24","date_gmt":"2026-09-02T21:12:24","guid":{"rendered":"https:\/\/diarioelfederaense.com.ar\/?p=10587"},"modified":"2026-09-02T18:12:25","modified_gmt":"2026-09-02T21:12:25","slug":"la-uia-alerto-por-la-caida-de-la-actividad-y-el-empleo-la-economia-no-puede-medirse-solamente-por-la-inflacion","status":"publish","type":"post","link":"https:\/\/diarioelfederaense.com.ar\/?p=10587","title":{"rendered":"La UIA alert\u00f3 por la ca\u00edda de la actividad y el empleo: \u201cLa econom\u00eda no puede medirse solamente por la inflaci\u00f3n\u201d"},"content":{"rendered":"\n<p>En el D\u00eda de la Industria, la UIA alert\u00f3 por la ca\u00edda de la actividad industrial y reclam\u00f3 medidas para sostener empresas y empleos. Mart\u00edn Rappallini reconoci\u00f3 la importancia de la estabilizaci\u00f3n, pero pidi\u00f3 mirar la producci\u00f3n. Guillermo Moretti lanz\u00f3 fuertes cr\u00edticas al Gobierno.<\/p>\n\n\n\n<p>La Uni\u00f3n Industrial Argentina (UIA) alert\u00f3 por la ca\u00edda de la actividad industrial y reclam\u00f3 que el an\u00e1lisis de la econom\u00eda argentina no quede limitado al comportamiento de la inflaci\u00f3n. Durante el acto por el D\u00eda de la Industria, el presidente de la entidad, Mart\u00edn Rappallini, reconoci\u00f3 la importancia de la estabilizaci\u00f3n macroecon\u00f3mica, pero advirti\u00f3 sobre empresas y sectores productivos que atraviesan dificultades.<\/p>\n\n\n\n<p>\u201cLa estabilizaci\u00f3n es fundamental para la Argentina. Pero la econom\u00eda no puede medirse solamente por la evoluci\u00f3n de la inflaci\u00f3n. Tenemos que mirar la actividad\u201d, sostuvo Rappallini durante el encuentro realizado en la planta del Laboratorio Elea, en Malvinas Argentinas, ante unos 200 representantes industriales y funcionarios.<\/p>\n\n\n\n<p>El dirigente plante\u00f3 que existen sectores \u201cmuy golpeados\u201d y empresas que trabajan con niveles de utilizaci\u00f3n de capacidad inferiores a sus posibilidades. En ese contexto, pidi\u00f3 una \u201cmirada sist\u00e9mica\u201d sobre el proceso econ\u00f3mico y present\u00f3 siete puntos para construir lo que defini\u00f3 como un \u201cpuente\u201d entre la econom\u00eda que queda atr\u00e1s y una econom\u00eda competitiva.<\/p>\n\n\n\n<p>Uno de los principales argumentos de Rappallini, seg\u00fan public\u00f3 Infobae, estuvo relacionado con la evoluci\u00f3n reciente de la industria. Seg\u00fan los datos expuestos durante su discurso, la producci\u00f3n industrial se encuentra 10% por debajo de los niveles de 2022, mientras que determinadas actividades acumulan retrocesos de entre 25% y 30%.<\/p>\n\n\n\n<p>Tambi\u00e9n hizo referencia al impacto sobre el mercado laboral. \u201cDesde agosto de 2023, la industria perdi\u00f3 90.000 puestos de trabajo asalariados registrados\u201d, afirm\u00f3.<\/p>\n\n\n\n<p>Para el presidente de la UIA, el deterioro de la producci\u00f3n termina repercutiendo sobre distintas variables de la econom\u00eda. \u201cLa microeconom\u00eda tambi\u00e9n construye la macroeconom\u00eda. Cuando cae la actividad, se pierde empleo, se debilita el consumo y se destruye tejido empresario y capacidad productiva\u201d, se\u00f1al\u00f3.<\/p>\n\n\n\n<p>Rappallini agreg\u00f3 que, cuando esa din\u00e1mica se prolonga, tambi\u00e9n termina afectando la inversi\u00f3n, la recaudaci\u00f3n y la propia estabilidad macroecon\u00f3mica. Por eso consider\u00f3 necesario atravesar la transformaci\u00f3n de la econom\u00eda sin perder capacidades productivas necesarias para una posterior recuperaci\u00f3n.<\/p>\n\n\n\n<p>El dirigente industrial reconoci\u00f3 que durante este per\u00edodo convivieron el ordenamiento fiscal y la desaceleraci\u00f3n inflacionaria con una mayor apertura econ\u00f3mica, pero insisti\u00f3 en que los resultados deben evaluarse tambi\u00e9n desde el nivel de actividad.<\/p>\n\n\n\n<p>Siete reclamos para mejorar la competitividad<\/p>\n\n\n\n<p>La propuesta de la UIA qued\u00f3 estructurada alrededor de siete ejes: actividad y cr\u00e9dito; competitividad y costo argentino; competencia desleal; energ\u00eda; morosidad; infraestructura; y modernizaci\u00f3n laboral y litigiosidad.<\/p>\n\n\n\n<p>En materia financiera, Rappallini reclam\u00f3 reconstruir el cr\u00e9dito para capital de trabajo, inversi\u00f3n, vivienda y consumo. \u201cTenemos que encontrar instrumentos que permitan sostener la actividad sin comprometer el orden macroecon\u00f3mico. Y uno de los m\u00e1s importantes es reconstruir el cr\u00e9dito\u201d, expres\u00f3.<\/p>\n\n\n\n<p>El segundo punto estuvo vinculado al denominado \u201ccosto argentino\u201d. La UIA mencion\u00f3 entre los factores que afectan la competitividad a los impuestos, regulaciones, costos log\u00edsticos, infraestructura, restricciones financieras y cambios de reglas.<\/p>\n\n\n\n<p>Rappallini propuso un Pacto Fiscal Industrial Federal entre Naci\u00f3n, provincias y municipios para avanzar gradualmente en una reducci\u00f3n de la presi\u00f3n tributaria sobre la producci\u00f3n. Entre los grav\u00e1menes mencion\u00f3 Ingresos Brutos, Sellos, tasas municipales y el impuesto a los cr\u00e9ditos y d\u00e9bitos.<\/p>\n\n\n\n<p>\u201cTenemos que acelerar la reducci\u00f3n del costo argentino y hacerlo sobre aquellos factores que hoy condicionan la capacidad de nuestras empresas para competir\u201d, afirm\u00f3.<\/p>\n\n\n\n<p>Otro de los ejes fue la competencia desleal. El presidente de la UIA cuestion\u00f3 los efectos del dumping, los subsidios implementados por otros pa\u00edses, la subfacturaci\u00f3n, el contrabando y la comercializaci\u00f3n de productos que no cumplir\u00edan las mismas exigencias de calidad y seguridad que enfrenta la producci\u00f3n local.<\/p>\n\n\n\n<p>Respecto de la energ\u00eda, la entidad pidi\u00f3 que el desarrollo de Vaca Muerta y de las fuentes renovables se traduzca en una ventaja competitiva para la producci\u00f3n nacional. Rappallini se\u00f1al\u00f3 que algunas industrias, particularmente peque\u00f1as y medianas empresas, recibieron durante el a\u00f1o facturas de gas y electricidad que se multiplicaron entre tres y cinco veces.<\/p>\n\n\n\n<p>La UIA tambi\u00e9n puso el foco en la morosidad empresarial y reclam\u00f3 mecanismos para reprogramar deudas bancarias y fiscales. Entre las propuestas se incluyeron alternativas para regularizar obligaciones, una suspensi\u00f3n extraordinaria de embargos para firmas con problemas de liquidez y la agilizaci\u00f3n de la devoluci\u00f3n de saldos a favor.<\/p>\n\n\n\n<p>\u201cSon capital de trabajo que hoy necesitan para pagar salarios, proveedores, impuestos y sostener la producci\u00f3n\u201d, afirm\u00f3 Rappallini sobre los fondos acumulados a favor de las compa\u00f1\u00edas.<\/p>\n\n\n\n<p>En infraestructura, el dirigente mencion\u00f3 el estado de las rutas, las demoras portuarias, las limitaciones ferroviarias, la falta de redes el\u00e9ctricas y gasoductos, los problemas de conectividad y las dificultades en pasos fronterizos.<\/p>\n\n\n\n<p>Seg\u00fan se\u00f1al\u00f3, esas deficiencias se trasladan directamente al precio final de los productos y reducen la competitividad. Por ese motivo, reclam\u00f3 acelerar inversiones mediante concesiones, licitaciones y esquemas p\u00fablico-privados, sin descartar inversi\u00f3n estatal donde el sector privado no pueda realizar las obras necesarias.<\/p>\n\n\n\n<p>Horas antes del discurso institucional de Rappallini, Guillermo Moretti, vicepresidente de la UIA, hab\u00eda elevado considerablemente el tono de las cr\u00edticas hacia la administraci\u00f3n nacional y, particularmente, hacia el ministro de Econom\u00eda, Luis Caputo.<\/p>\n\n\n\n<p>\u201cEsta gente no conoce el pa\u00eds y segundo no conoce lo que es una industria. Estamos manejados por un endeudador, un trader que no sabe lo que es un torno\u201d, cuestion\u00f3 Moretti.<\/p>\n\n\n\n<p>El dirigente consider\u00f3 que las pol\u00edticas actuales avanzan hacia una desindustrializaci\u00f3n y vincul\u00f3 el desarrollo fabril con la existencia de escuelas t\u00e9cnicas, universidades y organismos cient\u00edficos y tecnol\u00f3gicos.<\/p>\n\n\n\n<p>\u201cNo puede haber industria si vos no ten\u00e9s escuelas t\u00e9cnicas, no puede haber industria si vos no ten\u00e9s universidades, no puede haber industria si vos no ten\u00e9s CONICET, no puede haber industria si vos no ten\u00e9s INTI\u201d, expres\u00f3.<\/p>\n\n\n\n<p>Moretti tambi\u00e9n cuestion\u00f3 las consecuencias sociales que, a su entender, podr\u00eda generar el modelo econ\u00f3mico. \u201cQuiero saber si con este modelo que a nosotros nos est\u00e1n llevando a esta precarizaci\u00f3n del trabajo, puede contener a 45 millones de habitantes. Hay 25 millones de habitantes que estamos afuera\u201d, afirm\u00f3.<\/p>\n\n\n\n<p>Modernizaci\u00f3n laboral y el futuro de la industria<\/p>\n\n\n\n<p>El \u00faltimo de los siete puntos presentados por Rappallini estuvo relacionado con la modernizaci\u00f3n laboral y la litigiosidad. El presidente de la UIA consider\u00f3 que los cambios legislativos ofrecen una oportunidad para actualizar las relaciones laborales y se\u00f1al\u00f3 que ser\u00e1 necesario trasladar las nuevas herramientas a las empresas.<\/p>\n\n\n\n<p>Tambi\u00e9n reclam\u00f3 di\u00e1logo entre empresarios y trabajadores para actualizar convenios colectivos y cuestion\u00f3 los niveles de litigiosidad laboral, al considerar que la falta de previsibilidad al momento de contratar puede desalentar la creaci\u00f3n de empleo y la inversi\u00f3n.<\/p>\n\n\n\n<p>\u201cDe estos siete puntos se trata el puente: de acompa\u00f1ar la transformaci\u00f3n, reducir las fricciones de la transici\u00f3n y generar las condiciones para que nuestras empresas logren atravesar este momento\u201d, sintetiz\u00f3.<\/p>\n\n\n\n<p>El acto reuni\u00f3 a unos 200 industriales y cont\u00f3 con la presencia de funcionarios y referentes de diferentes sectores. Entre ellos estuvieron el intendente de Malvinas Argentinas, Leonardo Nardini; el secretario de Coordinaci\u00f3n de la Producci\u00f3n, Pablo Lavigne; la senadora Flavia Roy\u00f3n; el presidente de la Sociedad Rural Argentina, Nicol\u00e1s Pino; y el titular de la C\u00e1mara Argentina de la Construcci\u00f3n, Gustavo Weiss.<\/p>\n\n\n\n<p>En el cierre, Rappallini reclam\u00f3 que la actividad fabril tenga un lugar expl\u00edcito dentro de cualquier proyecto de desarrollo de largo plazo. Seg\u00fan las cifras presentadas por el dirigente, el sector industrial representa cerca del 18% del Producto Interno Bruto, el 20% del empleo y alrededor del 30% de la recaudaci\u00f3n.<\/p>\n\n\n\n<p>\u201cLo que hoy estamos discutiendo es qu\u00e9 pa\u00eds construimos para los pr\u00f3ximos 30 a\u00f1os\u201d, concluy\u00f3 el titular de la UIA, quien pidi\u00f3 evitar descalificaciones hacia el sector productivo y asegur\u00f3 que la entidad continuar\u00e1 elaborando propuestas para atravesar la actual transici\u00f3n econ\u00f3mica sin perder empresas, empleos ni capacidad industrial.<\/p>\n","protected":false},"excerpt":{"rendered":"<p>En el D\u00eda de la Industria, la UIA alert\u00f3 por la ca\u00edda de la actividad industrial y reclam\u00f3 medidas para sostener empresas y empleos. Mart\u00edn Rappallini reconoci\u00f3 la importancia de la estabilizaci\u00f3n, pero pidi\u00f3 mirar la producci\u00f3n. Guillermo Moretti lanz\u00f3 fuertes cr\u00edticas al Gobierno. La Uni\u00f3n Industrial Argentina (UIA) alert\u00f3 por la ca\u00edda de la [&hellip;]<\/p>\n","protected":false},"author":2,"featured_media":10588,"comment_status":"closed","ping_status":"closed","sticky":false,"template":"","format":"standard","meta":{"_et_pb_use_builder":"","_et_pb_old_content":"","footnotes":""},"categories":[1],"tags":[],"class_list":["post-10587","post","type-post","status-publish","format-standard","has-post-thumbnail","hentry","category-sin-categoria"],"_links":{"self":[{"href":"https:\/\/diarioelfederaense.com.ar\/index.php?rest_route=\/wp\/v2\/posts\/10587"}],"collection":[{"href":"https:\/\/diarioelfederaense.com.ar\/index.php?rest_route=\/wp\/v2\/posts"}],"about":[{"href":"https:\/\/diarioelfederaense.com.ar\/index.php?rest_route=\/wp\/v2\/types\/post"}],"author":[{"embeddable":true,"href":"https:\/\/diarioelfederaense.com.ar\/index.php?rest_route=\/wp\/v2\/users\/2"}],"replies":[{"embeddable":true,"href":"https:\/\/diarioelfederaense.com.ar\/index.php?rest_route=%2Fwp%2Fv2%2Fcomments&post=10587"}],"version-history":[{"count":1,"href":"https:\/\/diarioelfederaense.com.ar\/index.php?rest_route=\/wp\/v2\/posts\/10587\/revisions"}],"predecessor-version":[{"id":10589,"href":"https:\/\/diarioelfederaense.com.ar\/index.php?rest_route=\/wp\/v2\/posts\/10587\/revisions\/10589"}],"wp:featuredmedia":[{"embeddable":true,"href":"https:\/\/diarioelfederaense.com.ar\/index.php?rest_route=\/wp\/v2\/media\/10588"}],"wp:attachment":[{"href":"https:\/\/diarioelfederaense.com.ar\/index.php?rest_route=%2Fwp%2Fv2%2Fmedia&parent=10587"}],"wp:term":[{"taxonomy":"category","embeddable":true,"href":"https:\/\/diarioelfederaense.com.ar\/index.php?rest_route=%2Fwp%2Fv2%2Fcategories&post=10587"},{"taxonomy":"post_tag","embeddable":true,"href":"https:\/\/diarioelfederaense.com.ar\/index.php?rest_route=%2Fwp%2Fv2%2Ftags&post=10587"}],"curies":[{"name":"wp","href":"https:\/\/api.w.org\/{rel}","templated":true}]}}