{"id":10584,"date":"2026-09-02T14:59:49","date_gmt":"2026-09-02T17:59:49","guid":{"rendered":"https:\/\/diarioelfederaense.com.ar\/?p=10584"},"modified":"2026-09-02T14:59:50","modified_gmt":"2026-09-02T17:59:50","slug":"la-escuela-de-atletismo-sigue-en-movimiento-%f0%9f%8f%83%e2%99%82%ef%b8%8f%f0%9f%8f%83%e2%99%80%ef%b8%8f","status":"publish","type":"post","link":"https:\/\/diarioelfederaense.com.ar\/?p=10584","title":{"rendered":"\u00a1La Escuela de Atletismo sigue en movimiento! \ud83c\udfc3\u200d\u2642\ufe0f\ud83c\udfc3\u200d\u2640\ufe0f"},"content":{"rendered":"\n<p>Desde la Direcci\u00f3n de Deportes Municipal llevamos adelante una jornada de atletismo en la Escuela N.\u00ba 64 \u201cJose Hern\u00e1ndez\u201d, compartiendo una propuesta deportiva con los alumnos de 5.\u00ba y 6.\u00ba grado. \ud83d\ude4c<\/p>\n\n\n\n<p>La actividad estuvo a cargo del profesor Ignacio Val\u00edn, quien acerc\u00f3 el atletismo a los chicos y chicas desde una mirada recreativa y formativa, promoviendo el movimiento, la diversi\u00f3n, el compa\u00f1erismo y los h\u00e1bitos saludables. \ud83d\udcaa\u2728<\/p>\n\n\n\n<p>\ud83d\udc49 El objetivo fue que los estudiantes conozcan y disfruten esta disciplina, descubriendo nuevas posibilidades de movimiento y, al mismo tiempo, invitarlos a sumarse a las clases gratuitas de atletismo que se desarrollan desde la Direcci\u00f3n de Deportes.<\/p>\n\n\n\n<p>\ud83c\udf1f Seguimos acercando el deporte a nuestras escuelas y generando espacios para que cada vez m\u00e1s ni\u00f1os y ni\u00f1as puedan descubrir, disfrutar y crecer a trav\u00e9s de la actividad f\u00edsica.<\/p>\n\n\n\n<p>\ud83d\udc4f\ud83c\udffc Agradecemos a la directora del establecimiento la Sra Marta Seijas, al personal docente y alumnos por una excelente jornada. Gracias!!<\/p>\n\n\n\n<h1 class=\"wp-block-heading\">Direcci\u00f3nDeDeportes #EscuelaDeAtletismo #Atletismo #DeporteParaTodos #ActividadF\u00edsica #Ni\u00f1osEnMovimiento #DeporteMunicipal<\/h1>\n","protected":false},"excerpt":{"rendered":"<p>Desde la Direcci\u00f3n de Deportes Municipal llevamos adelante una jornada de atletismo en la Escuela N.\u00ba 64 \u201cJose Hern\u00e1ndez\u201d, compartiendo una propuesta deportiva con los alumnos de 5.\u00ba y 6.\u00ba grado. \ud83d\ude4c La actividad estuvo a cargo del profesor Ignacio Val\u00edn, quien acerc\u00f3 el atletismo a los chicos y chicas desde una mirada recreativa y [&hellip;]<\/p>\n","protected":false},"author":2,"featured_media":10585,"comment_status":"closed","ping_status":"closed","sticky":false,"template":"","format":"standard","meta":{"_et_pb_use_builder":"","_et_pb_old_content":"","footnotes":""},"categories":[1],"tags":[],"class_list":["post-10584","post","type-post","status-publish","format-standard","has-post-thumbnail","hentry","category-sin-categoria"],"_links":{"self":[{"href":"https:\/\/diarioelfederaense.com.ar\/index.php?rest_route=\/wp\/v2\/posts\/10584"}],"collection":[{"href":"https:\/\/diarioelfederaense.com.ar\/index.php?rest_route=\/wp\/v2\/posts"}],"about":[{"href":"https:\/\/diarioelfederaense.com.ar\/index.php?rest_route=\/wp\/v2\/types\/post"}],"author":[{"embeddable":true,"href":"https:\/\/diarioelfederaense.com.ar\/index.php?rest_route=\/wp\/v2\/users\/2"}],"replies":[{"embeddable":true,"href":"https:\/\/diarioelfederaense.com.ar\/index.php?rest_route=%2Fwp%2Fv2%2Fcomments&post=10584"}],"version-history":[{"count":1,"href":"https:\/\/diarioelfederaense.com.ar\/index.php?rest_route=\/wp\/v2\/posts\/10584\/revisions"}],"predecessor-version":[{"id":10586,"href":"https:\/\/diarioelfederaense.com.ar\/index.php?rest_route=\/wp\/v2\/posts\/10584\/revisions\/10586"}],"wp:featuredmedia":[{"embeddable":true,"href":"https:\/\/diarioelfederaense.com.ar\/index.php?rest_route=\/wp\/v2\/media\/10585"}],"wp:attachment":[{"href":"https:\/\/diarioelfederaense.com.ar\/index.php?rest_route=%2Fwp%2Fv2%2Fmedia&parent=10584"}],"wp:term":[{"taxonomy":"category","embeddable":true,"href":"https:\/\/diarioelfederaense.com.ar\/index.php?rest_route=%2Fwp%2Fv2%2Fcategories&post=10584"},{"taxonomy":"post_tag","embeddable":true,"href":"https:\/\/diarioelfederaense.com.ar\/index.php?rest_route=%2Fwp%2Fv2%2Ftags&post=10584"}],"curies":[{"name":"wp","href":"https:\/\/api.w.org\/{rel}","templated":true}]}}