{"id":10581,"date":"2026-09-02T12:04:06","date_gmt":"2026-09-02T15:04:06","guid":{"rendered":"https:\/\/diarioelfederaense.com.ar\/?p=10581"},"modified":"2026-09-02T12:04:07","modified_gmt":"2026-09-02T15:04:07","slug":"federacion-se-prepara-para-vivir-lagran-cometencia-del-pre-coronacion-del-cristo-obrero","status":"publish","type":"post","link":"https:\/\/diarioelfederaense.com.ar\/?p=10581","title":{"rendered":"FEDERACI\u00d3N SE PREPARA PARA VIVIR LAGRAN COMETENCIA DEL \u00abPRE CORONACI\u00d3N DEL CRISTO OBRERO\u00bb"},"content":{"rendered":"\n<p>El hist\u00f3rico trazado del emplazamiento original albergar\u00e1 una doble jornada a puro rugir de motores este fin de semana. Pilotos locales y de toda la regi\u00f3n buscar\u00e1n dar el gran espect\u00e1culo a partir de las 09:00 horas, en un evento pensado para disfrutar en familia.<\/p>\n\n\n\n<p>El deporte motor vuelve a vestirse de fiesta en la ciudad. Durante este fin de semana, el emblem\u00e1tico circuito \u00abCristo Obrero\u00bb \u2014ubicado en la vieja ciudad, justo enfrente de la Comisar\u00eda Segunda\u2014 ser\u00e1 la sede oficial del gran premio \u00abPre Coronaci\u00f3n del Cristo Obrero\u00bb, organizado por el moto club Federaci\u00f3n, una cita imperdible que reunir\u00e1 a los mejores motociclistas de Federaci\u00f3n y localidades vecinas.<\/p>\n\n\n\n<p>Se prev\u00e9 un espect\u00e1culo de alto nivel con una vibrante doble jornada que promete m\u00e1xima adrenalina sobre la pista, destac\u00e1ndose especialmente las instancias decisivas del d\u00eda domingo desde las primeras horas de la ma\u00f1ana.<\/p>\n\n\n\n<p>Detalles del evento y servicios para los asistentes<\/p>\n\n\n\n<p>La organizaci\u00f3n ha dispuesto todo lo necesario para garantizar un fin de semana ameno y apto para todo p\u00fablico:<\/p>\n\n\n\n<p>Horarios de inicio: La actividad en pista comenzar\u00e1 puntualmente a las 09:00 horas, tanto la jornada del s\u00e1bado como la del domingo.<\/p>\n\n\n\n<p>Costo de las entradas: El valor del pase general para el p\u00fablico asistente se fij\u00f3 en un precio accesible de $2.000.<\/p>\n\n\n\n<p>Gastronom\u00eda y comodidades: El predio contar\u00e1 con un completo servicio de cantina que incluir\u00e1 variadas opciones gastron\u00f3micas y puestos con mesas dulces.<\/p>\n\n\n\n<p>Se invita a vecinos, familias y fan\u00e1ticos del motociclismo a acercarse y compartir una jornada diferente, apoyando el deporte local y disfrutando de una tarde a todo motor en un escenario hist\u00f3rico.<\/p>\n","protected":false},"excerpt":{"rendered":"<p>El hist\u00f3rico trazado del emplazamiento original albergar\u00e1 una doble jornada a puro rugir de motores este fin de semana. Pilotos locales y de toda la regi\u00f3n buscar\u00e1n dar el gran espect\u00e1culo a partir de las 09:00 horas, en un evento pensado para disfrutar en familia. El deporte motor vuelve a vestirse de fiesta en la [&hellip;]<\/p>\n","protected":false},"author":2,"featured_media":10582,"comment_status":"closed","ping_status":"closed","sticky":false,"template":"","format":"standard","meta":{"_et_pb_use_builder":"","_et_pb_old_content":"","footnotes":""},"categories":[1],"tags":[],"class_list":["post-10581","post","type-post","status-publish","format-standard","has-post-thumbnail","hentry","category-sin-categoria"],"_links":{"self":[{"href":"https:\/\/diarioelfederaense.com.ar\/index.php?rest_route=\/wp\/v2\/posts\/10581"}],"collection":[{"href":"https:\/\/diarioelfederaense.com.ar\/index.php?rest_route=\/wp\/v2\/posts"}],"about":[{"href":"https:\/\/diarioelfederaense.com.ar\/index.php?rest_route=\/wp\/v2\/types\/post"}],"author":[{"embeddable":true,"href":"https:\/\/diarioelfederaense.com.ar\/index.php?rest_route=\/wp\/v2\/users\/2"}],"replies":[{"embeddable":true,"href":"https:\/\/diarioelfederaense.com.ar\/index.php?rest_route=%2Fwp%2Fv2%2Fcomments&post=10581"}],"version-history":[{"count":1,"href":"https:\/\/diarioelfederaense.com.ar\/index.php?rest_route=\/wp\/v2\/posts\/10581\/revisions"}],"predecessor-version":[{"id":10583,"href":"https:\/\/diarioelfederaense.com.ar\/index.php?rest_route=\/wp\/v2\/posts\/10581\/revisions\/10583"}],"wp:featuredmedia":[{"embeddable":true,"href":"https:\/\/diarioelfederaense.com.ar\/index.php?rest_route=\/wp\/v2\/media\/10582"}],"wp:attachment":[{"href":"https:\/\/diarioelfederaense.com.ar\/index.php?rest_route=%2Fwp%2Fv2%2Fmedia&parent=10581"}],"wp:term":[{"taxonomy":"category","embeddable":true,"href":"https:\/\/diarioelfederaense.com.ar\/index.php?rest_route=%2Fwp%2Fv2%2Fcategories&post=10581"},{"taxonomy":"post_tag","embeddable":true,"href":"https:\/\/diarioelfederaense.com.ar\/index.php?rest_route=%2Fwp%2Fv2%2Ftags&post=10581"}],"curies":[{"name":"wp","href":"https:\/\/api.w.org\/{rel}","templated":true}]}}