{"id":10577,"date":"2026-09-02T11:55:25","date_gmt":"2026-09-02T14:55:25","guid":{"rendered":"https:\/\/diarioelfederaense.com.ar\/?p=10577"},"modified":"2026-09-02T11:55:26","modified_gmt":"2026-09-02T14:55:26","slug":"otra-vez-sopa-mas-de-100-alumnos-de-federacion-se-quedaron-sin-transporte-para-asistir-a-la-escuela","status":"publish","type":"post","link":"https:\/\/diarioelfederaense.com.ar\/?p=10577","title":{"rendered":"OTRA VEZ SOPA&#8230; M\u00e1s de 100 alumnos de Federaci\u00f3n se quedaron sin transporte para asistir a la escuela"},"content":{"rendered":"\n<p>Se trata de estudiantes de la Escuela Secundaria N\u00b0 11 \u201cLinares Cardozo\u201d, de Colonia Flores. El servicio dej\u00f3 de funcionar el 31 de agosto luego de que el transportista no renovara su contrato. El Instituto Becario realiz\u00f3 un nuevo llamado a licitaci\u00f3n y desde Educaci\u00f3n buscan una soluci\u00f3n para restablecer el traslado de los j\u00f3venes.<\/p>\n\n\n\n<p>M\u00e1s de 100 alumnos de la Escuela de Nivel Medio N\u00b0 11 \u201cLinares Cardozo\u201d, ubicada en Colonia Flores, zona rural del departamento Federaci\u00f3n, quedaron sin el servicio de transporte que les permite concurrir diariamente a clases.<\/p>\n\n\n\n<p>La situaci\u00f3n se produjo a partir del 31 de agosto, cuando dej\u00f3 de funcionar el servicio debido a que el transportista que ven\u00eda realizando los recorridos no se present\u00f3 a renovar su continuidad mediante la correspondiente licitaci\u00f3n.<\/p>\n\n\n\n<p>Ante esta situaci\u00f3n, el Instituto Becario realiz\u00f3 un nuevo llamado a licitaci\u00f3n con el objetivo de cubrir el servicio, mientras que desde la Departamental de Escuelas trabajan para encontrar una alternativa que permita restablecer el transporte para los aproximadamente 110 estudiantes afectados.<\/p>\n\n\n\n<p>La preocupaci\u00f3n de las familias es creciente, ya que muchos de los j\u00f3venes dependen exclusivamente del transporte escolar para poder asistir al establecimiento educativo.<\/p>\n\n\n\n<p>\u201cTenemos 110 alumnos sin transporte\u201d<\/p>\n\n\n\n<p>Tras mantener una reuni\u00f3n con los padres en el Centro C\u00edvico, la rectora de la instituci\u00f3n, Carolina L\u00f3pez, explic\u00f3 a 7Paginas, que el problema tom\u00f3 por sorpresa tanto a la comunidad educativa como a las autoridades.<\/p>\n\n\n\n<p>\u201cEl tema del transporte, a partir del 31 de agosto, dej\u00f3 de funcionar porque el transportista que ten\u00edamos no se present\u00f3 a la licitaci\u00f3n, que ya hab\u00eda sido en julio, y al d\u00eda de hoy no tenemos un nuevo transportista\u201d, se\u00f1al\u00f3.<\/p>\n\n\n\n<p>La rectora confirm\u00f3 que el nuevo llamado a licitaci\u00f3n ya fue publicado por el Instituto Becario y que esperan que alg\u00fan prestador pueda presentarse para hacerse cargo del servicio.<\/p>\n\n\n\n<p>\u201cSon 100, 110 chicos que quedan sin transporte y es un gran problema porque no est\u00e1 garantizado el traslado para que puedan concurrir a la escuela\u201d, manifest\u00f3.<\/p>\n\n\n\n<p>El costo del servicio, uno de los principales problemas<\/p>\n\n\n\n<p>Durante la entrevista, L\u00f3pez explic\u00f3 que el transportista que hasta ahora prestaba el servicio manifest\u00f3 que los valores ofrecidos ya no resultaban suficientes para afrontar los costos.<\/p>\n\n\n\n<p>Seg\u00fan indic\u00f3, el aumento del combustible, el mantenimiento de los veh\u00edculos y el estado de los caminos rurales son algunos de los factores que afectan la rentabilidad del servicio.<\/p>\n\n\n\n<p>\u201cNos dice que no le alcanza lo que ofrece el Becario para los gastos que tiene. El estado de los caminos, lo que cuesta una cubierta si se rompe y el combustible son cuestiones que influyen. Para \u00e9l dej\u00f3 de ser redituable\u201d, explic\u00f3 la rectora.<\/p>\n\n\n\n<p>De esta manera, la falta de transporte estar\u00eda vinculada principalmente a una cuesti\u00f3n econ\u00f3mica, lo que genera adem\u00e1s incertidumbre sobre la posibilidad de que otros prestadores puedan hacerse cargo del recorrido.<\/p>\n\n\n\n<p>La escuela analiza alternativas para no interrumpir las clases<\/p>\n\n\n\n<p>Mientras esperan una soluci\u00f3n, desde la instituci\u00f3n aseguraron que buscar\u00e1n diferentes alternativas para mantener el v\u00ednculo pedag\u00f3gico con los alumnos.<\/p>\n\n\n\n<p>La rectora se\u00f1al\u00f3 que, de ser necesario, se brindar\u00e1 acompa\u00f1amiento mediante herramientas virtuales, aunque reconoci\u00f3 las dificultades que esto representa y aclar\u00f3 que la virtualidad no constituye una soluci\u00f3n definitiva.<\/p>\n\n\n\n<p>\u201cVamos a encontrar la forma para acompa\u00f1ar a nuestros alumnos y que no queden sin educaci\u00f3n\u201d, afirm\u00f3 L\u00f3pez.<\/p>\n\n\n\n<p>Durante la reuni\u00f3n con los padres, adem\u00e1s, se elabor\u00f3 y firm\u00f3 una nota para poner formalmente en conocimiento a las autoridades educativas sobre la preocupaci\u00f3n de las familias y solicitar una respuesta ante la falta del transporte escolar.<\/p>\n","protected":false},"excerpt":{"rendered":"<p>Se trata de estudiantes de la Escuela Secundaria N\u00b0 11 \u201cLinares Cardozo\u201d, de Colonia Flores. El servicio dej\u00f3 de funcionar el 31 de agosto luego de que el transportista no renovara su contrato. El Instituto Becario realiz\u00f3 un nuevo llamado a licitaci\u00f3n y desde Educaci\u00f3n buscan una soluci\u00f3n para restablecer el traslado de los j\u00f3venes. [&hellip;]<\/p>\n","protected":false},"author":2,"featured_media":10578,"comment_status":"closed","ping_status":"closed","sticky":false,"template":"","format":"standard","meta":{"_et_pb_use_builder":"","_et_pb_old_content":"","footnotes":""},"categories":[1],"tags":[],"class_list":["post-10577","post","type-post","status-publish","format-standard","has-post-thumbnail","hentry","category-sin-categoria"],"_links":{"self":[{"href":"https:\/\/diarioelfederaense.com.ar\/index.php?rest_route=\/wp\/v2\/posts\/10577"}],"collection":[{"href":"https:\/\/diarioelfederaense.com.ar\/index.php?rest_route=\/wp\/v2\/posts"}],"about":[{"href":"https:\/\/diarioelfederaense.com.ar\/index.php?rest_route=\/wp\/v2\/types\/post"}],"author":[{"embeddable":true,"href":"https:\/\/diarioelfederaense.com.ar\/index.php?rest_route=\/wp\/v2\/users\/2"}],"replies":[{"embeddable":true,"href":"https:\/\/diarioelfederaense.com.ar\/index.php?rest_route=%2Fwp%2Fv2%2Fcomments&post=10577"}],"version-history":[{"count":1,"href":"https:\/\/diarioelfederaense.com.ar\/index.php?rest_route=\/wp\/v2\/posts\/10577\/revisions"}],"predecessor-version":[{"id":10579,"href":"https:\/\/diarioelfederaense.com.ar\/index.php?rest_route=\/wp\/v2\/posts\/10577\/revisions\/10579"}],"wp:featuredmedia":[{"embeddable":true,"href":"https:\/\/diarioelfederaense.com.ar\/index.php?rest_route=\/wp\/v2\/media\/10578"}],"wp:attachment":[{"href":"https:\/\/diarioelfederaense.com.ar\/index.php?rest_route=%2Fwp%2Fv2%2Fmedia&parent=10577"}],"wp:term":[{"taxonomy":"category","embeddable":true,"href":"https:\/\/diarioelfederaense.com.ar\/index.php?rest_route=%2Fwp%2Fv2%2Fcategories&post=10577"},{"taxonomy":"post_tag","embeddable":true,"href":"https:\/\/diarioelfederaense.com.ar\/index.php?rest_route=%2Fwp%2Fv2%2Ftags&post=10577"}],"curies":[{"name":"wp","href":"https:\/\/api.w.org\/{rel}","templated":true}]}}