{"id":10574,"date":"2026-09-02T09:10:50","date_gmt":"2026-09-02T12:10:50","guid":{"rendered":"https:\/\/diarioelfederaense.com.ar\/?p=10574"},"modified":"2026-09-02T09:10:51","modified_gmt":"2026-09-02T12:10:51","slug":"nahuel-zanandrea-va-por-todo-en-concordia","status":"publish","type":"post","link":"https:\/\/diarioelfederaense.com.ar\/?p=10574","title":{"rendered":"NAHUEL ZANANDREA VA POR TODO EN CONCORDIA"},"content":{"rendered":"\n<p>*Carlos Detona para DetonaDos.<\/p>\n\n\n\n<p>El federaense se presenta este fin de semana en el Aut\u00f3dromo Ciudad de Concordia, por una nueva fecha del Campeonato 2026 R\u00edo Uruguay Seguros de Competici\u00f3n Especial.<\/p>\n\n\n\n<p>La Clase 3 entra en la etapa decisiva y Zanandrea sabe que cada punto ser\u00e1 fundamental para mantenerse en la pelea por el campeonato. Quedan dos fechas y la \u00faltima tendr\u00e1 puntaje y medio, por lo que todo puede definirse en el cierre.<\/p>\n\n\n\n<p>\u201cMIENTRAS TENGAMOS UNA M\u00cdNIMA CHANCE, VAMOS A DAR HASTA LO \u00daLTIMO\u201d<\/p>\n\n\n\n<p>En di\u00e1logo con \u00abEl micr\u00f3fono del pueblo\u00bb, el piloto federaense, indic\u00f3: \u201cEstamos a pleno trabajando en el auto. El equipo no par\u00f3 de trabajar y estamos decididos a lograr el mayor rendimiento posible\u201d.\u00bb<\/p>\n\n\n\n<p>Con la convicci\u00f3n intacta, Nahuel va por todo:<\/p>\n\n\n\n<p>\u201cMientras tengamos una m\u00ednima chance de ser campeones, le vamos a dar hasta lo \u00faltimo. El automovilismo es un deporte de mucha constancia y, si se complica, hay que darle hasta el final\u201d.<\/p>\n\n\n\n<p>Sobre la categor\u00eda, destac\u00f3 la enorme paridad:<\/p>\n\n\n\n<p>\u201cEs la m\u00e1s importante de la provincia, con una paridad incre\u00edble y muy buenos pilotos y equipos. Estamos con todo para conseguir el objetivo\u201d.<\/p>\n\n\n\n<p>Trabajo, perseverancia y pasi\u00f3n. Zanandrea no baja los brazos y va por el campeonato. <img loading=\"lazy\" decoding=\"async\" height=\"16\" width=\"16\" alt=\"\ud83c\udfc1\" src=\"https:\/\/static.xx.fbcdn.net\/images\/emoji.php\/v9\/t39\/1\/16\/1f3c1.png\"><\/p>\n","protected":false},"excerpt":{"rendered":"<p>*Carlos Detona para DetonaDos. El federaense se presenta este fin de semana en el Aut\u00f3dromo Ciudad de Concordia, por una nueva fecha del Campeonato 2026 R\u00edo Uruguay Seguros de Competici\u00f3n Especial. La Clase 3 entra en la etapa decisiva y Zanandrea sabe que cada punto ser\u00e1 fundamental para mantenerse en la pelea por el campeonato. [&hellip;]<\/p>\n","protected":false},"author":2,"featured_media":10575,"comment_status":"closed","ping_status":"closed","sticky":false,"template":"","format":"standard","meta":{"_et_pb_use_builder":"","_et_pb_old_content":"","footnotes":""},"categories":[1],"tags":[],"class_list":["post-10574","post","type-post","status-publish","format-standard","has-post-thumbnail","hentry","category-sin-categoria"],"_links":{"self":[{"href":"https:\/\/diarioelfederaense.com.ar\/index.php?rest_route=\/wp\/v2\/posts\/10574"}],"collection":[{"href":"https:\/\/diarioelfederaense.com.ar\/index.php?rest_route=\/wp\/v2\/posts"}],"about":[{"href":"https:\/\/diarioelfederaense.com.ar\/index.php?rest_route=\/wp\/v2\/types\/post"}],"author":[{"embeddable":true,"href":"https:\/\/diarioelfederaense.com.ar\/index.php?rest_route=\/wp\/v2\/users\/2"}],"replies":[{"embeddable":true,"href":"https:\/\/diarioelfederaense.com.ar\/index.php?rest_route=%2Fwp%2Fv2%2Fcomments&post=10574"}],"version-history":[{"count":1,"href":"https:\/\/diarioelfederaense.com.ar\/index.php?rest_route=\/wp\/v2\/posts\/10574\/revisions"}],"predecessor-version":[{"id":10576,"href":"https:\/\/diarioelfederaense.com.ar\/index.php?rest_route=\/wp\/v2\/posts\/10574\/revisions\/10576"}],"wp:featuredmedia":[{"embeddable":true,"href":"https:\/\/diarioelfederaense.com.ar\/index.php?rest_route=\/wp\/v2\/media\/10575"}],"wp:attachment":[{"href":"https:\/\/diarioelfederaense.com.ar\/index.php?rest_route=%2Fwp%2Fv2%2Fmedia&parent=10574"}],"wp:term":[{"taxonomy":"category","embeddable":true,"href":"https:\/\/diarioelfederaense.com.ar\/index.php?rest_route=%2Fwp%2Fv2%2Fcategories&post=10574"},{"taxonomy":"post_tag","embeddable":true,"href":"https:\/\/diarioelfederaense.com.ar\/index.php?rest_route=%2Fwp%2Fv2%2Ftags&post=10574"}],"curies":[{"name":"wp","href":"https:\/\/api.w.org\/{rel}","templated":true}]}}