{"id":10568,"date":"2026-09-02T08:40:19","date_gmt":"2026-09-02T11:40:19","guid":{"rendered":"https:\/\/diarioelfederaense.com.ar\/?p=10568"},"modified":"2026-09-02T08:40:19","modified_gmt":"2026-09-02T11:40:19","slug":"vergonzoso-el-gobierno-fijo-el-nuevo-salario-minimo-tendra-aumentos-mensuales-hasta-alcanzar-los-437-000","status":"publish","type":"post","link":"https:\/\/diarioelfederaense.com.ar\/?p=10568","title":{"rendered":"VERGONZOSO: El Gobierno fij\u00f3 el nuevo salario m\u00ednimo: tendr\u00e1 aumentos mensuales hasta alcanzar los $437.000"},"content":{"rendered":"\n<p>El salario m\u00ednimo qued\u00f3 en $383.800 desde septiembre y tendr\u00e1 aumentos mensuales hasta alcanzar los $437.000 en abril de 2027, seg\u00fan dispuso el gobierno nacional.<\/p>\n","protected":false},"excerpt":{"rendered":"<p>El salario m\u00ednimo qued\u00f3 en $383.800 desde septiembre y tendr\u00e1 aumentos mensuales hasta alcanzar los $437.000 en abril de 2027, seg\u00fan dispuso el gobierno nacional.<\/p>\n","protected":false},"author":2,"featured_media":10569,"comment_status":"closed","ping_status":"closed","sticky":false,"template":"","format":"standard","meta":{"_et_pb_use_builder":"","_et_pb_old_content":"","footnotes":""},"categories":[1],"tags":[],"class_list":["post-10568","post","type-post","status-publish","format-standard","has-post-thumbnail","hentry","category-sin-categoria"],"_links":{"self":[{"href":"https:\/\/diarioelfederaense.com.ar\/index.php?rest_route=\/wp\/v2\/posts\/10568"}],"collection":[{"href":"https:\/\/diarioelfederaense.com.ar\/index.php?rest_route=\/wp\/v2\/posts"}],"about":[{"href":"https:\/\/diarioelfederaense.com.ar\/index.php?rest_route=\/wp\/v2\/types\/post"}],"author":[{"embeddable":true,"href":"https:\/\/diarioelfederaense.com.ar\/index.php?rest_route=\/wp\/v2\/users\/2"}],"replies":[{"embeddable":true,"href":"https:\/\/diarioelfederaense.com.ar\/index.php?rest_route=%2Fwp%2Fv2%2Fcomments&post=10568"}],"version-history":[{"count":1,"href":"https:\/\/diarioelfederaense.com.ar\/index.php?rest_route=\/wp\/v2\/posts\/10568\/revisions"}],"predecessor-version":[{"id":10570,"href":"https:\/\/diarioelfederaense.com.ar\/index.php?rest_route=\/wp\/v2\/posts\/10568\/revisions\/10570"}],"wp:featuredmedia":[{"embeddable":true,"href":"https:\/\/diarioelfederaense.com.ar\/index.php?rest_route=\/wp\/v2\/media\/10569"}],"wp:attachment":[{"href":"https:\/\/diarioelfederaense.com.ar\/index.php?rest_route=%2Fwp%2Fv2%2Fmedia&parent=10568"}],"wp:term":[{"taxonomy":"category","embeddable":true,"href":"https:\/\/diarioelfederaense.com.ar\/index.php?rest_route=%2Fwp%2Fv2%2Fcategories&post=10568"},{"taxonomy":"post_tag","embeddable":true,"href":"https:\/\/diarioelfederaense.com.ar\/index.php?rest_route=%2Fwp%2Fv2%2Ftags&post=10568"}],"curies":[{"name":"wp","href":"https:\/\/api.w.org\/{rel}","templated":true}]}}