{"id":10565,"date":"2026-09-02T08:12:14","date_gmt":"2026-09-02T11:12:14","guid":{"rendered":"https:\/\/diarioelfederaense.com.ar\/?p=10565"},"modified":"2026-09-02T08:12:15","modified_gmt":"2026-09-02T11:12:15","slug":"foro-de-turismo-federacion-la-reconstruccion","status":"publish","type":"post","link":"https:\/\/diarioelfederaense.com.ar\/?p=10565","title":{"rendered":"FORO DE TURISMO: FEDERACI\u00d3N, LA RECONSTRUCCI\u00d3N"},"content":{"rendered":"\n<p>Todos los Federaenses somos parte del destino tur\u00edstico:<\/p>\n\n\n\n<p>El hotelero, La mucama, El electricista, El plomero, El alba\u00f1il, El jardinero, El docente, El vecino, Etc y Tambi\u00e9n&#8230; Aquellos que nunca pensaron que ten\u00edan algo que ver con el turismo.<\/p>\n\n\n\n<p>Se trata de que toda la ciudad vuelva a sentirse protagonista de un destino tur\u00edstico.<\/p>\n\n\n\n<p>1 FORO DE TURISMO<\/p>\n\n\n\n<p>FEDERACI\u00d3N LA RECONSTRUCCI\u00d3NDe \u00abFEDERACION, MISION POSIBLE\u00bb (T\u00cdTULO DE LA OBRA DE GUSTAVO CAPECE) al momento de la puesta en marcha del plan estrat\u00e9gico de desarrollo, hemos transitado un largo camino de crecimiento tur\u00edstico\/econ\u00f3mico a trav\u00e9s del termalismo. Para luego seguir y romper estacionalidades con el parque acu\u00e1tico y posicionamiento del destino como nuevo l\u00edder en el turismo de Entre R\u00edos, Federaci\u00f3n te enamora.Hoy, el amesetamiento, la dependencia del estado en el impulso tur\u00edstico y la generaci\u00f3n de atractivos sumado a los vaivenes econ\u00f3micos, acompa\u00f1ado de pol\u00edticas de promociones desacertadas, nos invitan a un replanteo del rol principal y fortalecedor que tiene el destino de la mano de sus propios habitantes, analizando la posibilidad de resurgir como destino, sabiendo de la resiliencia y el poder de empuje de la propia ciudadan\u00eda, consciente de lo que contribuye el sector a la econom\u00eda.Planteamos este FORO en un grupo de personas activas desde lo econ\u00f3mico, desde lo anal\u00edtico y desde lo pol\u00edtico como un equipo con intenciones de liderar espacios y construir nuevas maneras de ver, desarrollar y fortalecer, POR ESO LA PROPUESTA ES&#8230; FEDERACION: LA RECONSTRUCCI\u00d3NNo lo planteamos como un \u00abencuentro de turismo\u00bb tradicional, sino como un encuentro de reconstrucci\u00f3n, movilizaci\u00f3n y arraigue en la pertenencia del destino. La clave es que nadie sienta que va \u00aba una charla\u00bb, sino que todos forman parte de la recuperaci\u00f3n tur\u00edstica de Federaci\u00f3n.Ahora el concepto es tomar el desaf\u00edo, no ya desde la misi\u00f3n posible que ha sido confirmada como destino, sino desde la motivaci\u00f3n de generar una especie de \u00abnuevo comienzo\u00bb, reconstruir la manera en que Federaci\u00f3n es protagonista de su destino, y desde cada uno el desaf\u00edo de volver a creer y crecer, que el turismo no empieza cuando un visitante ingresa a un hotel &#8230; sino cuando la ciudad misma hace que las propuestas sucedan y seduzcan.<\/p>\n","protected":false},"excerpt":{"rendered":"<p>Todos los Federaenses somos parte del destino tur\u00edstico: El hotelero, La mucama, El electricista, El plomero, El alba\u00f1il, El jardinero, El docente, El vecino, Etc y Tambi\u00e9n&#8230; Aquellos que nunca pensaron que ten\u00edan algo que ver con el turismo. Se trata de que toda la ciudad vuelva a sentirse protagonista de un destino tur\u00edstico. 1 [&hellip;]<\/p>\n","protected":false},"author":2,"featured_media":10566,"comment_status":"closed","ping_status":"closed","sticky":false,"template":"","format":"standard","meta":{"_et_pb_use_builder":"","_et_pb_old_content":"","footnotes":""},"categories":[1],"tags":[],"class_list":["post-10565","post","type-post","status-publish","format-standard","has-post-thumbnail","hentry","category-sin-categoria"],"_links":{"self":[{"href":"https:\/\/diarioelfederaense.com.ar\/index.php?rest_route=\/wp\/v2\/posts\/10565"}],"collection":[{"href":"https:\/\/diarioelfederaense.com.ar\/index.php?rest_route=\/wp\/v2\/posts"}],"about":[{"href":"https:\/\/diarioelfederaense.com.ar\/index.php?rest_route=\/wp\/v2\/types\/post"}],"author":[{"embeddable":true,"href":"https:\/\/diarioelfederaense.com.ar\/index.php?rest_route=\/wp\/v2\/users\/2"}],"replies":[{"embeddable":true,"href":"https:\/\/diarioelfederaense.com.ar\/index.php?rest_route=%2Fwp%2Fv2%2Fcomments&post=10565"}],"version-history":[{"count":1,"href":"https:\/\/diarioelfederaense.com.ar\/index.php?rest_route=\/wp\/v2\/posts\/10565\/revisions"}],"predecessor-version":[{"id":10567,"href":"https:\/\/diarioelfederaense.com.ar\/index.php?rest_route=\/wp\/v2\/posts\/10565\/revisions\/10567"}],"wp:featuredmedia":[{"embeddable":true,"href":"https:\/\/diarioelfederaense.com.ar\/index.php?rest_route=\/wp\/v2\/media\/10566"}],"wp:attachment":[{"href":"https:\/\/diarioelfederaense.com.ar\/index.php?rest_route=%2Fwp%2Fv2%2Fmedia&parent=10565"}],"wp:term":[{"taxonomy":"category","embeddable":true,"href":"https:\/\/diarioelfederaense.com.ar\/index.php?rest_route=%2Fwp%2Fv2%2Fcategories&post=10565"},{"taxonomy":"post_tag","embeddable":true,"href":"https:\/\/diarioelfederaense.com.ar\/index.php?rest_route=%2Fwp%2Fv2%2Ftags&post=10565"}],"curies":[{"name":"wp","href":"https:\/\/api.w.org\/{rel}","templated":true}]}}