{"id":10559,"date":"2026-09-02T07:41:50","date_gmt":"2026-09-02T10:41:50","guid":{"rendered":"https:\/\/diarioelfederaense.com.ar\/?p=10559"},"modified":"2026-09-02T07:41:51","modified_gmt":"2026-09-02T10:41:51","slug":"hola-peluquitas-asi-nos-llevan-el-30-de-las-amenazas-denunciadas-en-concordia-es-por-morosidad-en-el-cobro-de-prestamos","status":"publish","type":"post","link":"https:\/\/diarioelfederaense.com.ar\/?p=10559","title":{"rendered":"HOLA PELUQUITAS&#8230; AS\u00cd NOS LLEVAN: El 30% de las amenazas denunciadas en Concordia es por morosidad en el cobro de prestamos"},"content":{"rendered":"\n<p>Tres de cada diez denuncias por amenazas realizadas en Concordia -durante el primer semestre de 2026- estuvieron vinculadas con cr\u00e9ditos, pr\u00e9stamos o situaciones de morosidad.<\/p>\n\n\n\n<p>El dato de la justicia local al que accedi\u00f3 Diario R\u00edo Uruguay, permite dimensionar una problem\u00e1tica que aparece en paralelo al fuerte nivel de endeudamiento que atraviesa la ciudad.<\/p>\n\n\n\n<p>Entre enero y junio del presente 2026 se contabilizaron 544 denuncias por amenazas, de las cuales 163 tuvieron alg\u00fan v\u00ednculo con cr\u00e9ditos. La proporci\u00f3n representa el 30% del total.<\/p>\n\n\n\n<p>El contraste interanual con el a\u00f1o pasado resulta significativo. En los primeros seis meses de 2025 se hab\u00edan registrado 476 denuncias por amenazas, con 142 vinculadas a cr\u00e9ditos impagos. En igual per\u00edodo de 2026, hubo 68 denuncias m\u00e1s, lo que representa un incremento del 14,3%.<\/p>\n\n\n\n<p>Una problem\u00e1tica que puede estar subregistrada<\/p>\n\n\n\n<p>Desde el \u00e1mbito judicial advierten, adem\u00e1s, que estas cifras deben ser interpretadas con cautela porque podr\u00edan ser todav\u00eda mayores. Una parte de las personas que reciben amenazas en el marco de reclamos por deudas no necesariamente se acerca a una dependencia policial o judicial para formalizar una denuncia.<\/p>\n\n\n\n<p>Ese posible subregistro adquiere relevancia al considerar que no todas las situaciones de intimidaci\u00f3n llegan a convertirse en expedientes. En algunos casos, el temor, la verg\u00fcenza, la naturalizaci\u00f3n de este tipo de pr\u00e1cticas o la intenci\u00f3n de evitar mayores conflictos pueden llevar a que las v\u00edctimas no recurran a la Justicia.<\/p>\n\n\n\n<p>El dato de las amenazas se conoce, adem\u00e1s, en un contexto de elevada morosidad en Concordia. El \u00faltimo informe basado en informaci\u00f3n del Banco Central actualizada a junio de 2026, ubic\u00f3 al departamento con una tasa de mora del 17,42%, frente al 13,3% registrado en el conjunto de Entre R\u00edos.<\/p>\n\n\n\n<p>M\u00e1s de 14 mil personas en mora<\/p>\n\n\n\n<p>El mismo relevamiento estableci\u00f3 que Concordia cuenta con 48.052 deudores \u00fanicos, de los cuales 14.021 se encuentran en situaci\u00f3n de mora. Es decir, el 28,91% de las personas con deudas registra alg\u00fan nivel de incumplimiento. El monto de deuda en mora alcanza aproximadamente los $31.169 millones.<\/p>\n\n\n\n<p>La situaci\u00f3n es todav\u00eda m\u00e1s marcada cuando se observa a los proveedores no financieros de cr\u00e9dito. En ese segmento, la tasa de mora llega al 50,22%, mientras que el porcentaje de personas en mora alcanza el 49,47%, con unos $9.160 millones de deuda en situaci\u00f3n irregular.<\/p>\n\n\n\n<p>Los datos tambi\u00e9n muestran que el endeudamiento alcanza a sectores j\u00f3venes. Un relevamiento reciente de Eje Consultora, realizado sobre la base de informaci\u00f3n oficial del BCRA, indic\u00f3 que m\u00e1s de 40.000 menores de 25 a\u00f1os tienen alg\u00fan tipo de deuda en Entre R\u00edos y que el 70% de los j\u00f3venes endeudados mantiene compromisos con plataformas como Mercado Pago, Ual\u00e1 y Naranja X.<\/p>\n\n\n\n<p>El dato que contrasta con la valoraci\u00f3n del gobierno nacional<\/p>\n\n\n\n<p>El escenario contrasta con las valoraciones que, sobre la problem\u00e1tica, se han hecho desde la gesti\u00f3n de Javier Milei. Como por ejemplo los dichos de la diputada nacional Lilia Lemoine, una de las principales figuras de oficialismo , quien hab\u00eda relativizado las consecuencias de las deudas y planteado que, fuera de quedar registrado en el Veraz, no se produc\u00edan situaciones graves por no pagar.<\/p>\n\n\n\n<p>Lemoine hizo una distinci\u00f3n al referirse a los pr\u00e9stamos otorgados por particulares. En ese caso mencion\u00f3 que el escenario ser\u00eda dram\u00e1tico si alguien pidiera dinero a un privado y que este luego fuera a \u201cromper las piernas\u201d para cobrarle, aunque afirm\u00f3 que eso \u201cno est\u00e1 pasando\u201d.<\/p>\n\n\n\n<p>Los n\u00fameros con los que trabaja la Justicia de Concordia muestran otra realidad. La cifra no implica que toda situaci\u00f3n de mora derive en amenazas ni que exista una relaci\u00f3n autom\u00e1tica entre endeudamiento y violencia. Pero s\u00ed expone que, en Concordia, el conflicto por las deudas ya tiene una presencia concreta dentro de las denuncias que llegan a la Justicia.<\/p>\n","protected":false},"excerpt":{"rendered":"<p>Tres de cada diez denuncias por amenazas realizadas en Concordia -durante el primer semestre de 2026- estuvieron vinculadas con cr\u00e9ditos, pr\u00e9stamos o situaciones de morosidad. El dato de la justicia local al que accedi\u00f3 Diario R\u00edo Uruguay, permite dimensionar una problem\u00e1tica que aparece en paralelo al fuerte nivel de endeudamiento que atraviesa la ciudad. Entre [&hellip;]<\/p>\n","protected":false},"author":2,"featured_media":10560,"comment_status":"closed","ping_status":"closed","sticky":false,"template":"","format":"standard","meta":{"_et_pb_use_builder":"","_et_pb_old_content":"","footnotes":""},"categories":[1],"tags":[],"class_list":["post-10559","post","type-post","status-publish","format-standard","has-post-thumbnail","hentry","category-sin-categoria"],"_links":{"self":[{"href":"https:\/\/diarioelfederaense.com.ar\/index.php?rest_route=\/wp\/v2\/posts\/10559"}],"collection":[{"href":"https:\/\/diarioelfederaense.com.ar\/index.php?rest_route=\/wp\/v2\/posts"}],"about":[{"href":"https:\/\/diarioelfederaense.com.ar\/index.php?rest_route=\/wp\/v2\/types\/post"}],"author":[{"embeddable":true,"href":"https:\/\/diarioelfederaense.com.ar\/index.php?rest_route=\/wp\/v2\/users\/2"}],"replies":[{"embeddable":true,"href":"https:\/\/diarioelfederaense.com.ar\/index.php?rest_route=%2Fwp%2Fv2%2Fcomments&post=10559"}],"version-history":[{"count":1,"href":"https:\/\/diarioelfederaense.com.ar\/index.php?rest_route=\/wp\/v2\/posts\/10559\/revisions"}],"predecessor-version":[{"id":10561,"href":"https:\/\/diarioelfederaense.com.ar\/index.php?rest_route=\/wp\/v2\/posts\/10559\/revisions\/10561"}],"wp:featuredmedia":[{"embeddable":true,"href":"https:\/\/diarioelfederaense.com.ar\/index.php?rest_route=\/wp\/v2\/media\/10560"}],"wp:attachment":[{"href":"https:\/\/diarioelfederaense.com.ar\/index.php?rest_route=%2Fwp%2Fv2%2Fmedia&parent=10559"}],"wp:term":[{"taxonomy":"category","embeddable":true,"href":"https:\/\/diarioelfederaense.com.ar\/index.php?rest_route=%2Fwp%2Fv2%2Fcategories&post=10559"},{"taxonomy":"post_tag","embeddable":true,"href":"https:\/\/diarioelfederaense.com.ar\/index.php?rest_route=%2Fwp%2Fv2%2Ftags&post=10559"}],"curies":[{"name":"wp","href":"https:\/\/api.w.org\/{rel}","templated":true}]}}