{"id":10551,"date":"2026-09-01T12:35:06","date_gmt":"2026-09-01T15:35:06","guid":{"rendered":"https:\/\/diarioelfederaense.com.ar\/?p=10551"},"modified":"2026-09-01T12:35:07","modified_gmt":"2026-09-01T15:35:07","slug":"chajari-8-anos-un-corazon-enorme-y-una-decision-que-nos-emociono-a-todos","status":"publish","type":"post","link":"https:\/\/diarioelfederaense.com.ar\/?p=10551","title":{"rendered":"CHAJAR\u00cd;  8 a\u00f1os, un coraz\u00f3n enorme y una decisi\u00f3n que nos emocion\u00f3 a todos."},"content":{"rendered":"\n<p>\u201cMam\u00e1, quiero donar mi pelo.\u201d <img loading=\"lazy\" decoding=\"async\" height=\"16\" width=\"16\" alt=\"\ud83e\udd79\" src=\"https:\/\/static.xx.fbcdn.net\/images\/emoji.php\/v9\/t73\/1\/16\/1f979.png\"><img loading=\"lazy\" decoding=\"async\" height=\"16\" width=\"16\" alt=\"\ud83c\udf80\" src=\"https:\/\/static.xx.fbcdn.net\/images\/emoji.php\/v9\/t3\/1\/16\/1f380.png\"><\/p>\n\n\n\n<p>As\u00ed, con apenas 8 a\u00f1os, Dulce M\u00eda se levant\u00f3 un d\u00eda con una idea que naci\u00f3 de su propio coraz\u00f3n.<\/p>\n\n\n\n<p>Dulce es una nena excelente, muy inteligente, cari\u00f1osa, aplicada y con un hermoso desempe\u00f1o en la escuela. Pero hay algo de ella que me llena todav\u00eda m\u00e1s de orgullo: la forma en que piensa en los dem\u00e1s.<\/p>\n\n\n\n<p>No s\u00e9 d\u00f3nde vio esos casos, qu\u00e9 escuch\u00f3 o qu\u00e9 fue lo que la llev\u00f3 a pensar en esos ni\u00f1os. Solo s\u00e9 que entendi\u00f3 que hay chicos con c\u00e1ncer que est\u00e1n atravesando momentos muy dif\u00edciles y que muchos de ellos pierden su pelo durante sus tratamientos.<\/p>\n\n\n\n<p>Y ella quiso hacer algo.<\/p>\n\n\n\n<p>Quiso regalarles el suyo. <img loading=\"lazy\" decoding=\"async\" height=\"16\" width=\"16\" alt=\"\u2764\ufe0f\" src=\"https:\/\/static.xx.fbcdn.net\/images\/emoji.php\/v9\/t6c\/1\/16\/2764.png\"><\/p>\n\n\n\n<p>Nadie se lo pidi\u00f3. Nadie la convenci\u00f3. Fue una decisi\u00f3n que tom\u00f3 ella, porque sinti\u00f3 que pod\u00eda ayudar de alguna manera.<\/p>\n\n\n\n<p>Y como mam\u00e1, no hay palabras suficientes para explicar lo que se siente ver a tu hija, con tan solo 8 a\u00f1os, tener la sensibilidad de pensar en un ni\u00f1o que ni siquiera conoce y querer regalarle algo suyo para llevarle un poquito de alegr\u00eda.<\/p>\n\n\n\n<p>Dulce, estoy profundamente orgullosa de vos.<\/p>\n\n\n\n<p>Tu pelo va a volver a crecer, pero ese coraz\u00f3n que ten\u00e9s y esa forma tan hermosa de mirar a los dem\u00e1s es algo que deseo que conserves toda tu vida. <img loading=\"lazy\" decoding=\"async\" height=\"16\" width=\"16\" alt=\"\ud83e\udd79\" src=\"https:\/\/static.xx.fbcdn.net\/images\/emoji.php\/v9\/t73\/1\/16\/1f979.png\"><img loading=\"lazy\" decoding=\"async\" height=\"16\" width=\"16\" alt=\"\u2764\ufe0f\" src=\"https:\/\/static.xx.fbcdn.net\/images\/emoji.php\/v9\/t6c\/1\/16\/2764.png\"><\/p>\n\n\n\n<p>Ahora necesitamos de ustedes. <img loading=\"lazy\" decoding=\"async\" height=\"16\" width=\"16\" alt=\"\ud83d\ude4f\ud83c\udffc\" src=\"https:\/\/static.xx.fbcdn.net\/images\/emoji.php\/v9\/t7c\/1\/16\/1f64f_1f3fc.png\"><\/p>\n\n\n\n<p>Les pedimos que compartan esta publicaci\u00f3n para que llegue a muchas personas. Estamos buscando una fundaci\u00f3n u organizaci\u00f3n seria y confiable donde podamos hacer la donaci\u00f3n y tener la tranquilidad de que el pelo realmente va a llegar a un ni\u00f1o que lo necesita, y que nadie va a venderlo ni lucrar con algo que Dulce est\u00e1 regalando con tanto amor.<\/p>\n\n\n\n<p>Si conoc\u00e9s un lugar confiable donde podamos donarlo, escribime. Y si no, compart\u00ed. Quiz\u00e1s esta publicaci\u00f3n llegue justamente a alguien que pueda ayudarnos a encontrar el lugar indicado.<\/p>\n\n\n\n<p>Porque esto no es solamente un corte de pelo.<\/p>\n\n\n\n<p>Es una nena de 8 a\u00f1os eligiendo regalar algo suyo para intentar hacer un poquito m\u00e1s feliz a otro ni\u00f1o. <img loading=\"lazy\" decoding=\"async\" height=\"16\" width=\"16\" alt=\"\ud83c\udf80\" src=\"https:\/\/static.xx.fbcdn.net\/images\/emoji.php\/v9\/t3\/1\/16\/1f380.png\"><\/p>\n\n\n\n<p>Y ojal\u00e1 este gesto tan peque\u00f1o para algunos, pero tan enorme para nosotros, llegue mucho m\u00e1s lejos de lo que Dulce imagina. <img loading=\"lazy\" decoding=\"async\" height=\"16\" width=\"16\" alt=\"\u2764\ufe0f\" src=\"https:\/\/static.xx.fbcdn.net\/images\/emoji.php\/v9\/t6c\/1\/16\/2764.png\"><img loading=\"lazy\" decoding=\"async\" height=\"16\" width=\"16\" alt=\"\ud83e\udd79\" src=\"https:\/\/static.xx.fbcdn.net\/images\/emoji.php\/v9\/t73\/1\/16\/1f979.png\"><\/p>\n\n\n\n<p>Contactos: 3456592365 (mam\u00e1)<\/p>\n\n\n\n<p>3456603003(pap\u00e1)<\/p>\n","protected":false},"excerpt":{"rendered":"<p>\u201cMam\u00e1, quiero donar mi pelo.\u201d As\u00ed, con apenas 8 a\u00f1os, Dulce M\u00eda se levant\u00f3 un d\u00eda con una idea que naci\u00f3 de su propio coraz\u00f3n. Dulce es una nena excelente, muy inteligente, cari\u00f1osa, aplicada y con un hermoso desempe\u00f1o en la escuela. Pero hay algo de ella que me llena todav\u00eda m\u00e1s de orgullo: la [&hellip;]<\/p>\n","protected":false},"author":2,"featured_media":10552,"comment_status":"closed","ping_status":"closed","sticky":false,"template":"","format":"standard","meta":{"_et_pb_use_builder":"","_et_pb_old_content":"","footnotes":""},"categories":[1],"tags":[],"class_list":["post-10551","post","type-post","status-publish","format-standard","has-post-thumbnail","hentry","category-sin-categoria"],"_links":{"self":[{"href":"https:\/\/diarioelfederaense.com.ar\/index.php?rest_route=\/wp\/v2\/posts\/10551"}],"collection":[{"href":"https:\/\/diarioelfederaense.com.ar\/index.php?rest_route=\/wp\/v2\/posts"}],"about":[{"href":"https:\/\/diarioelfederaense.com.ar\/index.php?rest_route=\/wp\/v2\/types\/post"}],"author":[{"embeddable":true,"href":"https:\/\/diarioelfederaense.com.ar\/index.php?rest_route=\/wp\/v2\/users\/2"}],"replies":[{"embeddable":true,"href":"https:\/\/diarioelfederaense.com.ar\/index.php?rest_route=%2Fwp%2Fv2%2Fcomments&post=10551"}],"version-history":[{"count":1,"href":"https:\/\/diarioelfederaense.com.ar\/index.php?rest_route=\/wp\/v2\/posts\/10551\/revisions"}],"predecessor-version":[{"id":10553,"href":"https:\/\/diarioelfederaense.com.ar\/index.php?rest_route=\/wp\/v2\/posts\/10551\/revisions\/10553"}],"wp:featuredmedia":[{"embeddable":true,"href":"https:\/\/diarioelfederaense.com.ar\/index.php?rest_route=\/wp\/v2\/media\/10552"}],"wp:attachment":[{"href":"https:\/\/diarioelfederaense.com.ar\/index.php?rest_route=%2Fwp%2Fv2%2Fmedia&parent=10551"}],"wp:term":[{"taxonomy":"category","embeddable":true,"href":"https:\/\/diarioelfederaense.com.ar\/index.php?rest_route=%2Fwp%2Fv2%2Fcategories&post=10551"},{"taxonomy":"post_tag","embeddable":true,"href":"https:\/\/diarioelfederaense.com.ar\/index.php?rest_route=%2Fwp%2Fv2%2Ftags&post=10551"}],"curies":[{"name":"wp","href":"https:\/\/api.w.org\/{rel}","templated":true}]}}