{"id":10548,"date":"2026-09-01T10:20:33","date_gmt":"2026-09-01T13:20:33","guid":{"rendered":"https:\/\/diarioelfederaense.com.ar\/?p=10548"},"modified":"2026-09-01T10:20:34","modified_gmt":"2026-09-01T13:20:34","slug":"pami-confirmo-la-salida-del-sanatorio-concordia-como-prestador-y-anuncio-que-reordenara-la-atencion","status":"publish","type":"post","link":"https:\/\/diarioelfederaense.com.ar\/?p=10548","title":{"rendered":"PAMI confirm\u00f3 la salida del Sanatorio Concordia como prestador y anunci\u00f3 que reordenar\u00e1 la atenci\u00f3n"},"content":{"rendered":"\n<p>La UGL 34 del organismo atribuy\u00f3 la finalizaci\u00f3n del convenio a una decisi\u00f3n unilateral del prestador y asegur\u00f3 que garantizar\u00e1 la continuidad de las prestaciones.<\/p>\n\n\n\n<p>El conflicto entre PAMI y el Sanatorio Concordia lleg\u00f3 a una nueva instancia: el organismo nacional confirm\u00f3 que este pasado 31 de agosto fue el \u00faltimo d\u00eda de atenci\u00f3n del establecimiento para sus afiliados y anunci\u00f3 que avanzar\u00e1 con una reorganizaci\u00f3n de la red prestacional en la ciudad.<\/p>\n\n\n\n<p>A trav\u00e9s de un comunicado, PAMI se\u00f1al\u00f3 que la salida del Sanatorio Concordia responde a una decisi\u00f3n unilateral del prestador de rescindir el convenio. En ese marco, inform\u00f3 que la c\u00e1pita que hasta ahora correspond\u00eda a la instituci\u00f3n ser\u00e1 reasignada y que los afiliados ser\u00e1n informados oportunamente acerca de cu\u00e1l ser\u00e1 su nuevo prestador.<\/p>\n\n\n\n<p>El organismo busc\u00f3 llevar tranquilidad frente a la incertidumbre generada entre jubilados y pensionados de Concordia y remarc\u00f3 que, durante el proceso de transici\u00f3n, la atenci\u00f3n continuar\u00e1 garantizada en el resto de la red PAMI.<\/p>\n\n\n\n<p>Un conflicto que se arrastra desde hace meses<\/p>\n\n\n\n<p>La desvinculaci\u00f3n se produce despu\u00e9s de varios meses de tensi\u00f3n entre el sanatorio y PAMI por las condiciones econ\u00f3micas del convenio. En mayo, el establecimiento ya hab\u00eda restringido parte de la atenci\u00f3n a afiliados del organismo, incluyendo la suspensi\u00f3n de cirug\u00edas programadas no urgentes y de consultas con especialistas.<\/p>\n\n\n\n<p>Desde el Sanatorio Concordia sostuvieron posteriormente que llevaban m\u00e1s de diez meses reclamando una actualizaci\u00f3n de los aranceles y aseguraron que exist\u00eda un atraso significativo en los valores reconocidos por PAMI. Seg\u00fan las autoridades de la instituci\u00f3n, esa situaci\u00f3n generaba un d\u00e9ficit operativo mensual que hac\u00eda inviable mantener las prestaciones bajo esas condiciones.<\/p>\n\n\n\n<p>En junio, la instituci\u00f3n comunic\u00f3 mediante carta documento su decisi\u00f3n de rescindir el convenio con fecha de finalizaci\u00f3n el 1\u00b0 de septiembre. Seg\u00fan explic\u00f3 el sanatorio, durante ese per\u00edodo intent\u00f3 abrir instancias de negociaci\u00f3n con las autoridades nacionales de PAMI, aunque una reuni\u00f3n prevista para el 6 de agosto en Buenos Aires fue suspendida y, de acuerdo con la instituci\u00f3n, no lleg\u00f3 a ser reprogramada.<\/p>\n\n\n\n<p>atender\u00e1n a afiliados de PAMI<\/p>\n\n\n\n<p>Qu\u00e9 pasar\u00e1 con los afiliados<\/p>\n\n\n\n<p>Frente a este escenario, PAMI asegur\u00f3 que no dejar\u00e1 a sus afiliados sin cobertura. \u201cPAMI no deja a sus afiliados sin cobertura: lo que est\u00e1 haciendo ahora es reorganizar la red para garantizar la continuidad de la atenci\u00f3n\u201d, se\u00f1alaron desde el organismo.<\/p>\n\n\n\n<p>La principal modificaci\u00f3n ser\u00e1 la reasignaci\u00f3n de la c\u00e1pita correspondiente al Sanatorio Concordia. Hasta que ese proceso quede formalizado, PAMI indic\u00f3 que los afiliados podr\u00e1n continuar utilizando los dem\u00e1s prestadores que integran la red local.<\/p>\n\n\n\n<p>Uno de los puntos que genera mayor atenci\u00f3n es el de los pacientes que requieren tratamientos de alta complejidad o que atraviesan tratamientos prolongados. En particular, el organismo nacional asegur\u00f3 que los pacientes oncol\u00f3gicos tendr\u00e1n garantizada la continuidad de sus tratamientos hasta que se concrete la correspondiente reasignaci\u00f3n.<\/p>\n\n\n\n<p>La disputa por los aranceles<\/p>\n\n\n\n<p>La definici\u00f3n de PAMI llega luego de que el propio Sanatorio Concordia hubiera advertido que desde el 1\u00b0 de septiembre no recibir\u00eda nuevos ingresos de afiliados del organismo y que las cirug\u00edas programadas, incluidas las oncol\u00f3gicas, quedar\u00edan suspendidas en la instituci\u00f3n.<\/p>\n\n\n\n<p>El conflicto tambi\u00e9n expone una discusi\u00f3n m\u00e1s amplia sobre el financiamiento de las prestaciones de PAMI. Desde el Sanatorio Concordia plantearon que el problema central est\u00e1 vinculado con la diferencia entre los valores reconocidos por el organismo y el incremento de los costos que deben afrontar los prestadores.<\/p>\n\n\n\n<p>PAMI, en cambio, destac\u00f3 en su comunicado que viene realizando \u201cun esfuerzo sostenido\u201d para actualizar los valores del nomenclador, en l\u00ednea con el compromiso del Instituto de mejorar las condiciones de pago a los prestadores que forman parte de su red.<\/p>\n\n\n\n<p>De esta manera, ambas partes mantienen posiciones diferentes respecto de las causas que llevaron al final del v\u00ednculo. Mientras el Sanatorio Concordia sostiene que las condiciones econ\u00f3micas hicieron inviable la continuidad del convenio y que agot\u00f3 las instancias de di\u00e1logo, PAMI pone el acento en que la rescisi\u00f3n fue una decisi\u00f3n unilateral del prestador y en que ahora corresponde reorganizar la cobertura para los afiliados.<\/p>\n","protected":false},"excerpt":{"rendered":"<p>La UGL 34 del organismo atribuy\u00f3 la finalizaci\u00f3n del convenio a una decisi\u00f3n unilateral del prestador y asegur\u00f3 que garantizar\u00e1 la continuidad de las prestaciones. El conflicto entre PAMI y el Sanatorio Concordia lleg\u00f3 a una nueva instancia: el organismo nacional confirm\u00f3 que este pasado 31 de agosto fue el \u00faltimo d\u00eda de atenci\u00f3n del [&hellip;]<\/p>\n","protected":false},"author":2,"featured_media":10549,"comment_status":"closed","ping_status":"closed","sticky":false,"template":"","format":"standard","meta":{"_et_pb_use_builder":"","_et_pb_old_content":"","footnotes":""},"categories":[1],"tags":[],"class_list":["post-10548","post","type-post","status-publish","format-standard","has-post-thumbnail","hentry","category-sin-categoria"],"_links":{"self":[{"href":"https:\/\/diarioelfederaense.com.ar\/index.php?rest_route=\/wp\/v2\/posts\/10548"}],"collection":[{"href":"https:\/\/diarioelfederaense.com.ar\/index.php?rest_route=\/wp\/v2\/posts"}],"about":[{"href":"https:\/\/diarioelfederaense.com.ar\/index.php?rest_route=\/wp\/v2\/types\/post"}],"author":[{"embeddable":true,"href":"https:\/\/diarioelfederaense.com.ar\/index.php?rest_route=\/wp\/v2\/users\/2"}],"replies":[{"embeddable":true,"href":"https:\/\/diarioelfederaense.com.ar\/index.php?rest_route=%2Fwp%2Fv2%2Fcomments&post=10548"}],"version-history":[{"count":1,"href":"https:\/\/diarioelfederaense.com.ar\/index.php?rest_route=\/wp\/v2\/posts\/10548\/revisions"}],"predecessor-version":[{"id":10550,"href":"https:\/\/diarioelfederaense.com.ar\/index.php?rest_route=\/wp\/v2\/posts\/10548\/revisions\/10550"}],"wp:featuredmedia":[{"embeddable":true,"href":"https:\/\/diarioelfederaense.com.ar\/index.php?rest_route=\/wp\/v2\/media\/10549"}],"wp:attachment":[{"href":"https:\/\/diarioelfederaense.com.ar\/index.php?rest_route=%2Fwp%2Fv2%2Fmedia&parent=10548"}],"wp:term":[{"taxonomy":"category","embeddable":true,"href":"https:\/\/diarioelfederaense.com.ar\/index.php?rest_route=%2Fwp%2Fv2%2Fcategories&post=10548"},{"taxonomy":"post_tag","embeddable":true,"href":"https:\/\/diarioelfederaense.com.ar\/index.php?rest_route=%2Fwp%2Fv2%2Ftags&post=10548"}],"curies":[{"name":"wp","href":"https:\/\/api.w.org\/{rel}","templated":true}]}}