{"id":10542,"date":"2026-08-31T18:48:17","date_gmt":"2026-08-31T21:48:17","guid":{"rendered":"https:\/\/diarioelfederaense.com.ar\/?p=10542"},"modified":"2026-08-31T18:48:18","modified_gmt":"2026-08-31T21:48:18","slug":"mientras-un-jubilado-con-35-anos-de-aporte-cobra-400-mil-pesos","status":"publish","type":"post","link":"https:\/\/diarioelfederaense.com.ar\/?p=10542","title":{"rendered":"MIENTRAS UN JUBILADO CON 35 A\u00d1OS DE APORTE COBRA 400 MIL PESOS&#8230;"},"content":{"rendered":"\n<p>Los senadores nacionales cobrar\u00e1n desde enero m\u00e1s de $13 millones en bruto<\/p>\n\n\n\n<p>Los senadores cobrar\u00e1n, desde enero de 2027, m\u00e1s de $13.100.000 en bruto, tras un nuevo acuerdo paritario entre las autoridades del Congreso y los gremios legislativos. Las subas son id\u00e9nticas a las que acord\u00f3 el Gobierno con los empleados estatales: 1,9% en septiembre, 1,8% en octubre, 1,6% en noviembre y 1,5% en diciembre, lo que da un total -acumulado- de 6,96%, aunque sin bono.<\/p>\n\n\n\n<p>\u00bfPor qu\u00e9 ocurre esto en la C\u00e1mara alta? En 2024, el pleno se movi\u00f3 en modo ninja y, horas antes de una sesi\u00f3n, consensu\u00f3 -todas las bancadas coincidieron y se hizo a mano alzada, pese a volteretas y aclaraciones de \u201cdonaciones\u201d posteriores- y los legisladores volvieron a atar sus dietas a las de los agentes.<\/p>\n\n\n\n<p>De esa manera, los bloques evitaron que se involucrara en el asunto la vicepresidenta y titular del Cuerpo, Victoria Villarruel. Semanas antes de ello, un incremento en base a una resoluci\u00f3n conjunta con su par de Diputados, Mart\u00edn Menem, tuvo que retrotraerse. Como se cansaron de esperar una resoluci\u00f3n y el pleno es soberano, se movieron en consecuencia. Por ello, cada vez que hay una paritaria, el tema reflota.<\/p>\n\n\n\n<p>Si de n\u00fameros se trata, dicho sistema establece que las dietas est\u00e1n conformadas por 2.500 m\u00f3dulos, m\u00e1s un adicional de 1.000 m\u00f3dulos por gastos de representaci\u00f3n y 500 m\u00f3dulos de adicional por desarraigo. Adem\u00e1s, se incorpor\u00f3 una dieta m\u00e1s a las 12 de ese entonces para compensar el aguinaldo.<\/p>\n\n\n\n<p>Pese a que existen en vigencia renuncias voluntarias sobre los aumentos de los \u00faltimos meses -aunque las especificaciones no son las mejores-, el desarraigo no es recibido por los representantes de la Ciudad de Buenos Aires: el kirchnerista Mariano Recalde y los libertarios Patricia Bullrich y Agust\u00edn Monteverde.<\/p>\n\n\n\n<p>En tanto, tal como inform\u00f3 desde 2024 Infobae, la \u00fanica integrante de la C\u00e1mara alta que no cobra dieta es la cristinista Alicia Kirchner (Santa Cruz), quien desisti\u00f3 de percibirla: al ingresar, opt\u00f3 por su jubilaci\u00f3n como ex gobernadora.<\/p>\n\n\n\n<p>La reuni\u00f3n realizada esta tarde cont\u00f3 con la presencia de los secretarios administrativos del Senado y Diputados, Alejandro Fitzgerald y Laura Oriolo, respectivamente. Del lado de los sindicatos rubricaron, entre otros, el l\u00edder de APL, Norberto Di Pr\u00f3spero, y el de UPC, Mart\u00edn Roig.<\/p>\n\n\n\n<p>En el acta que vio este medio aparece, en su primer art\u00edculo, el detalle de los porcentajes mencionados -iguales a las subas para estatales, pero sin bono-, mientras que en el segundo se manifiesta que \u201cen virtud de la responsabilidad pol\u00edtica, los signatarios del presente acuerdo en representaci\u00f3n de la parte empleadora se comprometen a otorgarlo en funci\u00f3n de la disponibilidad en las partidas presupuestarias, impulsando las diligencias necesarias ante las presidencias de ambas C\u00e1maras\u201d.<\/p>\n\n\n\n<p>Despu\u00e9s de la pol\u00e9mica generada en 2024 por la mec\u00e1nica en cuesti\u00f3n, las bancadas alta anularon un incremento para julio y agosto de 2025 y congelaron sus dietas hasta el 31 de diciembre pasado, en una votaci\u00f3n un\u00e1nime, con 65 adhesiones. En 2026, eso se cay\u00f3, salvo para quienes contin\u00faen con las donaciones, como dijo La Libertad Avanza en julio \u00faltimo, luego de una paritaria. Esto suele ser replicado por otras fuerzas, con poca precisi\u00f3n sobre el destino final de esos fondos.<\/p>\n\n\n\n<p>\u201cComo ya lo han realizado con anterioridad, optar\u00e1n por donar el aumento de sus sueldos, a entidades ben\u00e9ficas o instituciones p\u00fablicas provinciales o las ya establecidas previamente por el mismo Senado\u201d, expres\u00f3 en su momento el espacio que comanda Bullrich.<\/p>\n\n\n\n<p>En paralelo a la resoluci\u00f3n, Infobae corrobor\u00f3 la presencia de cuatro de los 72 legisladores esta tarde. Los d\u00edas m\u00e1s \u201cpesados\u201d son martes, mi\u00e9rcoles y jueves, donde se concentra la mayor cantidad de actividad en el Congreso.<\/p>\n","protected":false},"excerpt":{"rendered":"<p>Los senadores nacionales cobrar\u00e1n desde enero m\u00e1s de $13 millones en bruto Los senadores cobrar\u00e1n, desde enero de 2027, m\u00e1s de $13.100.000 en bruto, tras un nuevo acuerdo paritario entre las autoridades del Congreso y los gremios legislativos. Las subas son id\u00e9nticas a las que acord\u00f3 el Gobierno con los empleados estatales: 1,9% en septiembre, [&hellip;]<\/p>\n","protected":false},"author":2,"featured_media":10543,"comment_status":"closed","ping_status":"closed","sticky":false,"template":"","format":"standard","meta":{"_et_pb_use_builder":"","_et_pb_old_content":"","footnotes":""},"categories":[1],"tags":[],"class_list":["post-10542","post","type-post","status-publish","format-standard","has-post-thumbnail","hentry","category-sin-categoria"],"_links":{"self":[{"href":"https:\/\/diarioelfederaense.com.ar\/index.php?rest_route=\/wp\/v2\/posts\/10542"}],"collection":[{"href":"https:\/\/diarioelfederaense.com.ar\/index.php?rest_route=\/wp\/v2\/posts"}],"about":[{"href":"https:\/\/diarioelfederaense.com.ar\/index.php?rest_route=\/wp\/v2\/types\/post"}],"author":[{"embeddable":true,"href":"https:\/\/diarioelfederaense.com.ar\/index.php?rest_route=\/wp\/v2\/users\/2"}],"replies":[{"embeddable":true,"href":"https:\/\/diarioelfederaense.com.ar\/index.php?rest_route=%2Fwp%2Fv2%2Fcomments&post=10542"}],"version-history":[{"count":1,"href":"https:\/\/diarioelfederaense.com.ar\/index.php?rest_route=\/wp\/v2\/posts\/10542\/revisions"}],"predecessor-version":[{"id":10544,"href":"https:\/\/diarioelfederaense.com.ar\/index.php?rest_route=\/wp\/v2\/posts\/10542\/revisions\/10544"}],"wp:featuredmedia":[{"embeddable":true,"href":"https:\/\/diarioelfederaense.com.ar\/index.php?rest_route=\/wp\/v2\/media\/10543"}],"wp:attachment":[{"href":"https:\/\/diarioelfederaense.com.ar\/index.php?rest_route=%2Fwp%2Fv2%2Fmedia&parent=10542"}],"wp:term":[{"taxonomy":"category","embeddable":true,"href":"https:\/\/diarioelfederaense.com.ar\/index.php?rest_route=%2Fwp%2Fv2%2Fcategories&post=10542"},{"taxonomy":"post_tag","embeddable":true,"href":"https:\/\/diarioelfederaense.com.ar\/index.php?rest_route=%2Fwp%2Fv2%2Ftags&post=10542"}],"curies":[{"name":"wp","href":"https:\/\/api.w.org\/{rel}","templated":true}]}}