{"id":10539,"date":"2026-08-31T18:24:51","date_gmt":"2026-08-31T21:24:51","guid":{"rendered":"https:\/\/diarioelfederaense.com.ar\/?p=10539"},"modified":"2026-08-31T18:24:53","modified_gmt":"2026-08-31T21:24:53","slug":"ate-concordia-convoca-a-marchar-y-protestar-por-la-situacion-del-pami","status":"publish","type":"post","link":"https:\/\/diarioelfederaense.com.ar\/?p=10539","title":{"rendered":"ATE Concordia convoca a marchar y protestar por la situaci\u00f3n del PAMI"},"content":{"rendered":"\n<p>Ser\u00e1 durante la ma\u00f1ana del martes, 1\u00b0 de septiembre. Desde el gremio estatal se convoc\u00f3 \u00aba toda la comunidad a acompa\u00f1arnos y hacer o\u00edr nuestra voz\u00bb.<\/p>\n\n\n\n<p>Desde la seccional local de la Asociaci\u00f3n Trabajadores del Estado (ATE) se comunic\u00f3 que \u00abante la grave situaci\u00f3n que atraviesan nuestros jubilados y trabajadores afiliados a PAMI, que hoy se ven obligados a recorrer hospitales en busca de un turno para recibir atenci\u00f3n m\u00e9dica, mientras sanatorios y cl\u00ednicas suspenden o cancelan sus prestaciones, ma\u00f1ana volvemos a movilizarnos en defensa de la salud y la dignidad de nuestros adultos mayores\u00bb.<\/p>\n\n\n\n<p>Movilizaci\u00f3n<\/p>\n\n\n\n<p>El gremio estatal dej\u00f3 en claro que \u00abno podemos permitir que quienes trabajaron y aportaron durante toda su vida tengan que mendigar atenci\u00f3n m\u00e9dica o esperar durante horas y d\u00edas para acceder a una prestaci\u00f3n que les corresponde\u00bb.<\/p>\n\n\n\n<p>En ese contexto, ATE Concordia expres\u00f3 a trav\u00e9s de un comunicado que \u00abla salud no puede ser un privilegio ni estar sujeta a decisiones que dejan a miles de jubilados y trabajadores sin atenci\u00f3n\u00bb y que \u00abestas pol\u00edticas vulneran derechos fundamentales y atentan contra la dignidad de quienes m\u00e1s necesitan ser protegidos\u00bb.<\/p>\n\n\n\n<p>Por eso, desde el sindicato se convoc\u00f3 \u00aba toda la comunidad a acompa\u00f1arnos y hacer o\u00edr nuestra voz\u00bb y se remat\u00f3 mencionando que \u00abdefender a nuestros jubilados es defender el derecho a una salud p\u00fablica, digna y de calidad\u00bb.<\/p>\n\n\n\n<p>En rigor, la marcha partir\u00e1 desde la hora 9 \u00abdesde ATE\u00bb y se dirigir\u00e1 hacia la sede de la Unidad de Gesti\u00f3n Local (UGL XXXIV) de PAMI, que se encuentra ubicada sobre la esquina de las calles Urquiza y Tucum\u00e1n.<\/p>\n\n\n\n<p>\u00abEn defensa del PAMI, en defensa de la Salud\u00bb, cierra el documento que emiti\u00f3 este lunes el gremio estatal.<\/p>\n\n\n\n<p>Vale recordar que este martes 1\u00b0 de septiembre de 2026, se interrumpir\u00e1 el convenio que el PAMI tiene con el Sanatorio Concordia, dejando sin cobertura de cl\u00ednica e internaci\u00f3n a unos 14.300 o 15.000 afiliados. Los afectados deber\u00e1n atenderse en los hospitales p\u00fablicos locales, como el Hospital Delicia Concepci\u00f3n Masvernat o el Hospital Felipe Heras, lo que gener\u00f3 un alerta por un posible colapso del sistema sanitario p\u00fablico<\/p>\n","protected":false},"excerpt":{"rendered":"<p>Ser\u00e1 durante la ma\u00f1ana del martes, 1\u00b0 de septiembre. Desde el gremio estatal se convoc\u00f3 \u00aba toda la comunidad a acompa\u00f1arnos y hacer o\u00edr nuestra voz\u00bb. Desde la seccional local de la Asociaci\u00f3n Trabajadores del Estado (ATE) se comunic\u00f3 que \u00abante la grave situaci\u00f3n que atraviesan nuestros jubilados y trabajadores afiliados a PAMI, que hoy [&hellip;]<\/p>\n","protected":false},"author":2,"featured_media":10540,"comment_status":"closed","ping_status":"closed","sticky":false,"template":"","format":"standard","meta":{"_et_pb_use_builder":"","_et_pb_old_content":"","footnotes":""},"categories":[1],"tags":[],"class_list":["post-10539","post","type-post","status-publish","format-standard","has-post-thumbnail","hentry","category-sin-categoria"],"_links":{"self":[{"href":"https:\/\/diarioelfederaense.com.ar\/index.php?rest_route=\/wp\/v2\/posts\/10539"}],"collection":[{"href":"https:\/\/diarioelfederaense.com.ar\/index.php?rest_route=\/wp\/v2\/posts"}],"about":[{"href":"https:\/\/diarioelfederaense.com.ar\/index.php?rest_route=\/wp\/v2\/types\/post"}],"author":[{"embeddable":true,"href":"https:\/\/diarioelfederaense.com.ar\/index.php?rest_route=\/wp\/v2\/users\/2"}],"replies":[{"embeddable":true,"href":"https:\/\/diarioelfederaense.com.ar\/index.php?rest_route=%2Fwp%2Fv2%2Fcomments&post=10539"}],"version-history":[{"count":1,"href":"https:\/\/diarioelfederaense.com.ar\/index.php?rest_route=\/wp\/v2\/posts\/10539\/revisions"}],"predecessor-version":[{"id":10541,"href":"https:\/\/diarioelfederaense.com.ar\/index.php?rest_route=\/wp\/v2\/posts\/10539\/revisions\/10541"}],"wp:featuredmedia":[{"embeddable":true,"href":"https:\/\/diarioelfederaense.com.ar\/index.php?rest_route=\/wp\/v2\/media\/10540"}],"wp:attachment":[{"href":"https:\/\/diarioelfederaense.com.ar\/index.php?rest_route=%2Fwp%2Fv2%2Fmedia&parent=10539"}],"wp:term":[{"taxonomy":"category","embeddable":true,"href":"https:\/\/diarioelfederaense.com.ar\/index.php?rest_route=%2Fwp%2Fv2%2Fcategories&post=10539"},{"taxonomy":"post_tag","embeddable":true,"href":"https:\/\/diarioelfederaense.com.ar\/index.php?rest_route=%2Fwp%2Fv2%2Ftags&post=10539"}],"curies":[{"name":"wp","href":"https:\/\/api.w.org\/{rel}","templated":true}]}}