{"id":10536,"date":"2026-08-31T17:53:56","date_gmt":"2026-08-31T20:53:56","guid":{"rendered":"https:\/\/diarioelfederaense.com.ar\/?p=10536"},"modified":"2026-08-31T17:53:57","modified_gmt":"2026-08-31T20:53:57","slug":"congreso-de-la-ucr-entre-el-desanimo-de-la-militancia-y-un-partido-sin-rumbo-ni-peso-propio","status":"publish","type":"post","link":"https:\/\/diarioelfederaense.com.ar\/?p=10536","title":{"rendered":"Congreso de la UCR: entre el des\u00e1nimo de la militancia y un partido sin rumbo ni peso propio"},"content":{"rendered":"\n<p>El Congreso Provincial de la Uni\u00f3n C\u00edvica Radical (UCR), que se reuni\u00f3 este s\u00e1bado en Villaguay, volvi\u00f3 a exponer la profunda crisis org\u00e1nica, institucional e ideol\u00f3gica por la que atraviesa el partido centenario en Entre R\u00edos. No se cont\u00f3 con qu\u00f3rum inicial, hubo llamativas ausencias y censuraron el debate.<\/p>\n\n\n\n<p>lunes 31 de agosto de 2026 | 11:56hs.<\/p>\n\n\n\n<figure class=\"wp-block-image\"><img decoding=\"async\" src=\"https:\/\/apfdigital-s3.cdn.net.ar\/s3i233\/2026\/08\/apfdigital\/images\/02\/74\/92\/2749299_5036284734e2c8bccfb299fceca7046194cc372d721433c5dcb08a5c499432cb\/md.webp\" alt=\"\"\/><\/figure>\n\n\n\n<p>Muy lejos de aquellas jornadas de debate efervescente que marcaron la historia del radicalismo, el encuentro ofreci\u00f3 una postal de desmovilizaci\u00f3n, ausencias pesadas y una conducci\u00f3n que prefiri\u00f3 apagar los micr\u00f3fonos antes que escuchar el malestar de las bases.<\/p>\n\n\n\n<p>El desarrollo de la jornada dej\u00f3 al desnudo el des\u00e1nimo del militante de a pie. Aquel argumento hist\u00f3rico con el que el radicalismo sol\u00eda jactarse -su presencia y territorialidad en cada rinc\u00f3n de la provincia- volvi\u00f3 a chocar de frente con la realidad: la UCR se encamina a ser una estructura casi inexistente en la discusi\u00f3n real del poder provincial.<\/p>\n\n\n\n<p><strong>Sin qu\u00f3rum inicial y ausencias con peso pol\u00edtico<\/strong><\/p>\n\n\n\n<p>El tr\u00e1mite del inicio ya vaticinaba el clima. Cost\u00f3 alcanzar el qu\u00f3rum m\u00ednimo para sesionar: la conducci\u00f3n tuvo que apelar a una larga espera para reunir apenas el tercio necesario de congresales que permitiera habilitar formalmente el plenario.<\/p>\n\n\n\n<p>A la ap\u00e1tica concurrencia se le sumaron ausencias que retumbaron en las instalaciones del recinto. Result\u00f3 insostenible disimular la falta de dirigentes de Paran\u00e1 Campa\u00f1a, un territorio hist\u00f3ricamente clave en la construcci\u00f3n territorial del partido.<\/p>\n\n\n\n<blockquote class=\"wp-block-quote is-layout-flow wp-block-quote-is-layout-flow\">\n<h4 class=\"wp-block-heading\"><a href=\"https:\/\/www.apfdigital.com.ar\/noticias\/2026\/08\/30\/468998-ucr-activa-apunto-contra-la-conduccion-tras-el-congreso-de-villaguay\">UCR Activa apunt\u00f3 contra la conducci\u00f3n tras el Congreso de Villaguay<\/a><\/h4>\n<\/blockquote>\n\n\n\n<p>Pero la ausencia m\u00e1s llamativa y pol\u00e9mica fue la del diputado nacional por Entre R\u00edos, Dar\u00edo Schneider. El legislador peg\u00f3 el portazo al Congreso partidario en medio del fuerte rechazo interno que genera su recurrente acompa\u00f1amiento a los proyectos que impulsa el Gobierno de Javier Milei, aunque ello atente -por ejemplo- contra la educaci\u00f3n p\u00fablica, una de las banderas hist\u00f3ricas del centenario partido.<\/p>\n\n\n\n<p><strong>Un partido sin voz propia en el gobierno<\/strong><\/p>\n\n\n\n<p>A lo largo del plenario, el malestar se hizo visible. Quienes conducen hoy el partido parecen haber transformado a la UCR en un engranaje administrativo orientado a convalidar las decisiones de la Casa Gris y a resguardar acuerdos de gesti\u00f3n, mientras la dirigencia de base asiste como espectadora a pol\u00edticas provinciales y nacionales que muchas veces distan de los valores tradicionales del radicalismo.<\/p>\n\n\n\n<p>Esta p\u00e9rdida de identidad -un tema que ya viene manifest\u00e1ndose en el debate interno partidario sobre la urgencia de recuperar la autoestima frente a las pol\u00edticas de una derecha recalcitrante y los extremos polarizados- se palp\u00f3 con fuerza en Villaguay.<br><br>El radicalismo hoy no debate ni impone agenda dentro del esquema del Ejecutivo provincial; act\u00faa condicionado y sin capacidad de contenci\u00f3n hacia los sectores perjudicados por la coyuntura socioecon\u00f3mica.<\/p>\n\n\n\n<p><strong>Censura en el tramo final: clausura al debate pol\u00edtico<\/strong><\/p>\n\n\n\n<p>El punto de m\u00e1xima tensi\u00f3n de la jornada ocurri\u00f3 sobre el cierre. Cuando lleg\u00f3 la hora de discutir el contexto pol\u00edtico -instancia formalmente prevista en el orden del d\u00eda- la conducci\u00f3n apel\u00f3 a la prisa institucional y a la desbandada de congresales para acelerar el final.<\/p>\n\n\n\n<p>El quiebre se produjo cuando hizo uso de la palabra el congresal opositor Guillermo V\u00e1zquez, quien comenz\u00f3 a exponer una cr\u00edtica dura sobre la realidad socioecon\u00f3mica del pa\u00eds, la marcha de la provincia y la falta de posicionamiento cr\u00edtico del partido frente a decisiones del gobierno nacional que afectan salarios, puestos de trabajo y servicios esenciales.<\/p>\n\n\n\n<p>Sin embargo, antes de que pudiera completar el desarrollo de su opini\u00f3n sobre el rumbo del partido, la mesa conductora decidi\u00f3 interrumpirlo y clausurar unilateralmente el debate de manera abrupta, aduciendo que el Congreso ya hab\u00eda concluido.<\/p>\n\n\n\n<p>El encuentro de Villaguay dej\u00f3 al descubierto una conducci\u00f3n dispuesta a resolver tr\u00e1mites administrativos y acortar calendarios, pero absolutamente incapaz de contener el debate ideol\u00f3gico. La UCR entrerriana cerr\u00f3 sus puertas en Villaguay dejando una imagen opaca: la de un partido que achica su margen de discusi\u00f3n interna en la misma proporci\u00f3n en que pierde su peso pol\u00edtico en la provincia.<\/p>\n\n\n\n<p><strong>Lo que se aprob\u00f3: acortamiento de los mandatos<\/strong><\/p>\n\n\n\n<p>El s\u00e1bado el Congreso provincial de la UCR aprob\u00f3 una cl\u00e1usula transitoria para acortar la duraci\u00f3n del mandato de las pr\u00f3ximas autoridades partidarias.<\/p>\n\n\n\n<p>De este modo, volver\u00e1 desde 2028 a renovar su conducci\u00f3n en los a\u00f1os pares, lejos de los procesos electorales de los a\u00f1os impares.<\/p>\n\n\n\n<p>En principio se hab\u00eda acordado que la pr\u00f3xima conducci\u00f3n presidir\u00eda el partido desde mayo de 2027 a mayo de 2028, pero finalmente se impuso una moci\u00f3n que estir\u00f3 en cinco meses m\u00e1s el mandato, para llevar el recambio a octubre de 2028.<\/p>\n\n\n\n<p>As\u00ed las cosas, el pr\u00f3ximo Comit\u00e9 Provincial tendr\u00e1 un mandato de casi un a\u00f1o y medio, en lugar de los dos a\u00f1os que estipula la carta org\u00e1nica. (APFDigital)<\/p>\n","protected":false},"excerpt":{"rendered":"<p>El Congreso Provincial de la Uni\u00f3n C\u00edvica Radical (UCR), que se reuni\u00f3 este s\u00e1bado en Villaguay, volvi\u00f3 a exponer la profunda crisis org\u00e1nica, institucional e ideol\u00f3gica por la que atraviesa el partido centenario en Entre R\u00edos. No se cont\u00f3 con qu\u00f3rum inicial, hubo llamativas ausencias y censuraron el debate. lunes 31 de agosto de 2026 [&hellip;]<\/p>\n","protected":false},"author":2,"featured_media":10537,"comment_status":"closed","ping_status":"closed","sticky":false,"template":"","format":"standard","meta":{"_et_pb_use_builder":"","_et_pb_old_content":"","footnotes":""},"categories":[1],"tags":[],"class_list":["post-10536","post","type-post","status-publish","format-standard","has-post-thumbnail","hentry","category-sin-categoria"],"_links":{"self":[{"href":"https:\/\/diarioelfederaense.com.ar\/index.php?rest_route=\/wp\/v2\/posts\/10536"}],"collection":[{"href":"https:\/\/diarioelfederaense.com.ar\/index.php?rest_route=\/wp\/v2\/posts"}],"about":[{"href":"https:\/\/diarioelfederaense.com.ar\/index.php?rest_route=\/wp\/v2\/types\/post"}],"author":[{"embeddable":true,"href":"https:\/\/diarioelfederaense.com.ar\/index.php?rest_route=\/wp\/v2\/users\/2"}],"replies":[{"embeddable":true,"href":"https:\/\/diarioelfederaense.com.ar\/index.php?rest_route=%2Fwp%2Fv2%2Fcomments&post=10536"}],"version-history":[{"count":1,"href":"https:\/\/diarioelfederaense.com.ar\/index.php?rest_route=\/wp\/v2\/posts\/10536\/revisions"}],"predecessor-version":[{"id":10538,"href":"https:\/\/diarioelfederaense.com.ar\/index.php?rest_route=\/wp\/v2\/posts\/10536\/revisions\/10538"}],"wp:featuredmedia":[{"embeddable":true,"href":"https:\/\/diarioelfederaense.com.ar\/index.php?rest_route=\/wp\/v2\/media\/10537"}],"wp:attachment":[{"href":"https:\/\/diarioelfederaense.com.ar\/index.php?rest_route=%2Fwp%2Fv2%2Fmedia&parent=10536"}],"wp:term":[{"taxonomy":"category","embeddable":true,"href":"https:\/\/diarioelfederaense.com.ar\/index.php?rest_route=%2Fwp%2Fv2%2Fcategories&post=10536"},{"taxonomy":"post_tag","embeddable":true,"href":"https:\/\/diarioelfederaense.com.ar\/index.php?rest_route=%2Fwp%2Fv2%2Ftags&post=10536"}],"curies":[{"name":"wp","href":"https:\/\/api.w.org\/{rel}","templated":true}]}}