{"id":10533,"date":"2026-08-31T17:49:02","date_gmt":"2026-08-31T20:49:02","guid":{"rendered":"https:\/\/diarioelfederaense.com.ar\/?p=10533"},"modified":"2026-08-31T17:49:04","modified_gmt":"2026-08-31T20:49:04","slug":"gremios-marcharan-por-7-000-empleos-en-riesgo-en-granja-tres-arroyos","status":"publish","type":"post","link":"https:\/\/diarioelfederaense.com.ar\/?p=10533","title":{"rendered":"Gremios marchar\u00e1n por 7.000 empleos en riesgo en Granja Tres Arroyos"},"content":{"rendered":"\n<p>La Federaci\u00f3n de la Alimentaci\u00f3n, Uatre, Molineros junto a otros gremios movilizar\u00e1n el mi\u00e9rcoles 9 de septiembre. Pedir\u00e1n que el Estado intervenga en el conflicto del Grupo GTA.<\/p>\n\n\n\n<p>La Uni\u00f3n Argentina de Trabajadores Rurales y Estibadores (Uatre), la Federaci\u00f3n de la Alimentaci\u00f3n, Federaci\u00f3n de la Carne y la Uni\u00f3n Obrera Molinera Argentina (UOMA) realizar\u00e1n una marcha hacia la Secretar\u00eda de Trabajo de la Naci\u00f3n para defender m\u00e1s de 7.000 puestos laborales directos que se encuentran en riesgo.<\/p>\n\n\n\n<p>La movilizaci\u00f3n, denominada Marcha Sindical Federal por el Grupo GTA de Tres Arroyos, se realizar\u00e1 el mi\u00e9rcoles 9 de septiembre. La concentraci\u00f3n comenzar\u00e1 a las 11 en la intersecci\u00f3n de Hip\u00f3lito Yrigoyen y Piedras, en la Ciudad de Buenos Aires.<\/p>\n\n\n\n<p>Reclamo por el empleo y la producci\u00f3n<\/p>\n\n\n\n<p>Las cuatro organizaciones sindicales advirtieron que la situaci\u00f3n pone en peligro las fuentes de trabajo, la continuidad de la actividad productiva y el futuro de miles de familias vinculadas directa e indirectamente con el Grupo GTA.<\/p>\n\n\n\n<p>\u201cNos movilizamos hacia la Secretar\u00eda de Trabajo de la Naci\u00f3n en defensa de las fuentes de trabajo, la producci\u00f3n y el futuro de miles de familias trabajadoras\u201d, se\u00f1alaron los gremios que convocan.<\/p>\n\n\n\n<p>\u201cExigimos la urgente intervenci\u00f3n del Estado nacional ante una situaci\u00f3n que pone en riesgo el empleo y la actividad productiva\u201d, expresaron.<\/p>\n\n\n\n<p>Otra marcha a la Secretar\u00eda de Trabajo<\/p>\n\n\n\n<p>La convocatoria reunir\u00e1 a trabajadores de la industria de la alimentaci\u00f3n, la actividad rural y el sector molinero, todos vinculados con las distintas ramas productivas que podr\u00edan resultar afectadas.<\/p>\n\n\n\n<p>Las organizaciones remarcaron que la defensa de los puestos laborales debe estar acompa\u00f1ada por medidas destinadas a garantizar la continuidad de la producci\u00f3n y brindar previsibilidad a las familias trabajadoras.<\/p>\n\n\n\n<p>\u201cDefendemos el trabajo. Defendemos la producci\u00f3n. Defendemos a las familias trabajadoras\u201d, manifestaron.<\/p>\n\n\n\n<p>La convocatoria se hizo con la consigna: \u201cNo hay libertad sin justicia social\u201d, public\u00f3 Mundo Gremial. (APFDigital)<\/p>\n","protected":false},"excerpt":{"rendered":"<p>La Federaci\u00f3n de la Alimentaci\u00f3n, Uatre, Molineros junto a otros gremios movilizar\u00e1n el mi\u00e9rcoles 9 de septiembre. Pedir\u00e1n que el Estado intervenga en el conflicto del Grupo GTA. La Uni\u00f3n Argentina de Trabajadores Rurales y Estibadores (Uatre), la Federaci\u00f3n de la Alimentaci\u00f3n, Federaci\u00f3n de la Carne y la Uni\u00f3n Obrera Molinera Argentina (UOMA) realizar\u00e1n una [&hellip;]<\/p>\n","protected":false},"author":2,"featured_media":10534,"comment_status":"closed","ping_status":"closed","sticky":false,"template":"","format":"standard","meta":{"_et_pb_use_builder":"","_et_pb_old_content":"","footnotes":""},"categories":[1],"tags":[],"class_list":["post-10533","post","type-post","status-publish","format-standard","has-post-thumbnail","hentry","category-sin-categoria"],"_links":{"self":[{"href":"https:\/\/diarioelfederaense.com.ar\/index.php?rest_route=\/wp\/v2\/posts\/10533"}],"collection":[{"href":"https:\/\/diarioelfederaense.com.ar\/index.php?rest_route=\/wp\/v2\/posts"}],"about":[{"href":"https:\/\/diarioelfederaense.com.ar\/index.php?rest_route=\/wp\/v2\/types\/post"}],"author":[{"embeddable":true,"href":"https:\/\/diarioelfederaense.com.ar\/index.php?rest_route=\/wp\/v2\/users\/2"}],"replies":[{"embeddable":true,"href":"https:\/\/diarioelfederaense.com.ar\/index.php?rest_route=%2Fwp%2Fv2%2Fcomments&post=10533"}],"version-history":[{"count":1,"href":"https:\/\/diarioelfederaense.com.ar\/index.php?rest_route=\/wp\/v2\/posts\/10533\/revisions"}],"predecessor-version":[{"id":10535,"href":"https:\/\/diarioelfederaense.com.ar\/index.php?rest_route=\/wp\/v2\/posts\/10533\/revisions\/10535"}],"wp:featuredmedia":[{"embeddable":true,"href":"https:\/\/diarioelfederaense.com.ar\/index.php?rest_route=\/wp\/v2\/media\/10534"}],"wp:attachment":[{"href":"https:\/\/diarioelfederaense.com.ar\/index.php?rest_route=%2Fwp%2Fv2%2Fmedia&parent=10533"}],"wp:term":[{"taxonomy":"category","embeddable":true,"href":"https:\/\/diarioelfederaense.com.ar\/index.php?rest_route=%2Fwp%2Fv2%2Fcategories&post=10533"},{"taxonomy":"post_tag","embeddable":true,"href":"https:\/\/diarioelfederaense.com.ar\/index.php?rest_route=%2Fwp%2Fv2%2Ftags&post=10533"}],"curies":[{"name":"wp","href":"https:\/\/api.w.org\/{rel}","templated":true}]}}