{"id":10530,"date":"2026-08-31T17:34:25","date_gmt":"2026-08-31T20:34:25","guid":{"rendered":"https:\/\/diarioelfederaense.com.ar\/?p=10530"},"modified":"2026-08-31T17:34:26","modified_gmt":"2026-08-31T20:34:26","slug":"el-federaense-en-facebook-estallo-el-video-del-bosque-de-azaleas-supero-las-400-mil-visualizaciones","status":"publish","type":"post","link":"https:\/\/diarioelfederaense.com.ar\/?p=10530","title":{"rendered":"EL FEDERAENSE en Facebook estall\u00f3: el video del Bosque de Azaleas super\u00f3 las 400 mil visualizaciones"},"content":{"rendered":"\n<p>La publicaci\u00f3n de El Federaense se convirti\u00f3 en un verdadero fen\u00f3meno en redes sociales, llevando la belleza del Bosque de Azaleas de Ap\u00f3stoles a cientos de miles de personas y consolidando el enorme alcance de los contenidos regionales.<\/p>\n\n\n\n<p>Con m\u00e1s de 400.000 reproducciones, el video publicado por El Federaense alcanz\u00f3 una cifra hist\u00f3rica en Facebook y se posicion\u00f3 como una de las producciones audiovisuales de mayor impacto del medio. Las im\u00e1genes del Bosque de Azaleas despertaron el inter\u00e9s de usuarios de distintos puntos del pa\u00eds y demostraron que un contenido nacido en la regi\u00f3n puede transformarse en un fen\u00f3meno de alcance masivo.<\/p>\n\n\n\n<p>El material, registrado durante la temporada de floraci\u00f3n, fue ampliamente compartido y gener\u00f3 miles de interacciones entre comentarios, reacciones y nuevas reproducciones. La combinaci\u00f3n de un paisaje \u00fanico y un relato visual sencillo pero emotivo permiti\u00f3 que la publicaci\u00f3n trascendiera el p\u00fablico habitual del medio.<\/p>\n\n\n\n<p>Un orgullo para la comunicaci\u00f3n regional<\/p>\n\n\n\n<p>Este logro confirma el crecimiento sostenido de El Federaense en las plataformas digitales y reafirma su compromiso de mostrar los paisajes, la cultura y las historias que hacen grande al litoral argentino.<\/p>\n\n\n\n<p>Las m\u00e1s de 400 mil visualizaciones no representan solamente un n\u00famero: son cientos de miles de personas que conocieron, admiraron y compartieron uno de los rincones naturales m\u00e1s emblem\u00e1ticos de Misiones.<\/p>\n\n\n\n<p>Cuando lo nuestro llega lejos<\/p>\n\n\n\n<p>En un escenario donde las redes sociales premian los contenidos aut\u00e9nticos, el Bosque de Azaleas encontr\u00f3 una ventana extraordinaria para proyectarse. El \u00e9xito del video demuestra que los atractivos tur\u00edsticos de la regi\u00f3n tienen un enorme potencial cuando son contados con identidad y calidad.<\/p>\n\n\n\n<p>El Federaense agradece a cada persona que vio, coment\u00f3 y comparti\u00f3 la publicaci\u00f3n, haciendo posible este r\u00e9cord que vuelve a poner en valor la riqueza natural de nuestra regi\u00f3n.<\/p>\n","protected":false},"excerpt":{"rendered":"<p>La publicaci\u00f3n de El Federaense se convirti\u00f3 en un verdadero fen\u00f3meno en redes sociales, llevando la belleza del Bosque de Azaleas de Ap\u00f3stoles a cientos de miles de personas y consolidando el enorme alcance de los contenidos regionales. Con m\u00e1s de 400.000 reproducciones, el video publicado por El Federaense alcanz\u00f3 una cifra hist\u00f3rica en Facebook [&hellip;]<\/p>\n","protected":false},"author":2,"featured_media":10531,"comment_status":"closed","ping_status":"closed","sticky":false,"template":"","format":"standard","meta":{"_et_pb_use_builder":"","_et_pb_old_content":"","footnotes":""},"categories":[1],"tags":[],"class_list":["post-10530","post","type-post","status-publish","format-standard","has-post-thumbnail","hentry","category-sin-categoria"],"_links":{"self":[{"href":"https:\/\/diarioelfederaense.com.ar\/index.php?rest_route=\/wp\/v2\/posts\/10530"}],"collection":[{"href":"https:\/\/diarioelfederaense.com.ar\/index.php?rest_route=\/wp\/v2\/posts"}],"about":[{"href":"https:\/\/diarioelfederaense.com.ar\/index.php?rest_route=\/wp\/v2\/types\/post"}],"author":[{"embeddable":true,"href":"https:\/\/diarioelfederaense.com.ar\/index.php?rest_route=\/wp\/v2\/users\/2"}],"replies":[{"embeddable":true,"href":"https:\/\/diarioelfederaense.com.ar\/index.php?rest_route=%2Fwp%2Fv2%2Fcomments&post=10530"}],"version-history":[{"count":1,"href":"https:\/\/diarioelfederaense.com.ar\/index.php?rest_route=\/wp\/v2\/posts\/10530\/revisions"}],"predecessor-version":[{"id":10532,"href":"https:\/\/diarioelfederaense.com.ar\/index.php?rest_route=\/wp\/v2\/posts\/10530\/revisions\/10532"}],"wp:featuredmedia":[{"embeddable":true,"href":"https:\/\/diarioelfederaense.com.ar\/index.php?rest_route=\/wp\/v2\/media\/10531"}],"wp:attachment":[{"href":"https:\/\/diarioelfederaense.com.ar\/index.php?rest_route=%2Fwp%2Fv2%2Fmedia&parent=10530"}],"wp:term":[{"taxonomy":"category","embeddable":true,"href":"https:\/\/diarioelfederaense.com.ar\/index.php?rest_route=%2Fwp%2Fv2%2Fcategories&post=10530"},{"taxonomy":"post_tag","embeddable":true,"href":"https:\/\/diarioelfederaense.com.ar\/index.php?rest_route=%2Fwp%2Fv2%2Ftags&post=10530"}],"curies":[{"name":"wp","href":"https:\/\/api.w.org\/{rel}","templated":true}]}}