{"id":10527,"date":"2026-08-31T17:19:06","date_gmt":"2026-08-31T20:19:06","guid":{"rendered":"https:\/\/diarioelfederaense.com.ar\/?p=10527"},"modified":"2026-08-31T17:19:07","modified_gmt":"2026-08-31T20:19:07","slug":"lisandro-martinez-y-su-conmovedor-mensaje-por-el-retiro-de-messi-de-la-seleccion-tu-legado-sera-eterno","status":"publish","type":"post","link":"https:\/\/diarioelfederaense.com.ar\/?p=10527","title":{"rendered":"Lisandro Mart\u00ednez y su conmovedor mensaje por el retiro de Messi de la Selecci\u00f3n: \u00abtu legado ser\u00e1 eterno\u00bb"},"content":{"rendered":"\n<p>Lisandro Mart\u00ednez y su mensaje por el retiro de Messi conmovieron a los seguidores de la Selecci\u00f3n. El entrerriano record\u00f3 los a\u00f1os compartidos con el capit\u00e1n y asegur\u00f3: \u201cMe llevo el orgullo enorme de haber aprendido del mejor de todos\u201d.<\/p>\n\n\n\n<p>Lisandro Mart\u00ednez y su mensaje por el retiro de Messi se sumaron a las numerosas muestras de afecto que recibi\u00f3 el capit\u00e1n despu\u00e9s de anunciar su despedida de la Selecci\u00f3n argentina. El defensor entrerriano primero reaccion\u00f3 a la publicaci\u00f3n del rosarino y luego le dedic\u00f3 un extenso texto en el que repas\u00f3 los momentos compartidos y destac\u00f3 el legado que dej\u00f3 en el seleccionado.<\/p>\n\n\n\n<p>Messi comunic\u00f3 su decisi\u00f3n mediante un emotivo video en el que recorri\u00f3 diferentes etapas de su trayectoria con la camiseta albiceleste. Las im\u00e1genes abarcaron desde sus primeros pasos en las categor\u00edas juveniles hasta las derrotas m\u00e1s dolorosas y las posteriores consagraciones con el equipo nacional.<\/p>\n\n\n\n<p>La publicaci\u00f3n recibi\u00f3 r\u00e1pidamente mensajes de futbolistas que compartieron plantel con el capit\u00e1n. Lautaro Mart\u00ednez, Alexis Mac Allister, Leandro Paredes y Cristian \u201cCuti\u201d Romero expresaron su reconocimiento, mientras que Rodrigo De Paul tambi\u00e9n realiz\u00f3 un posteo. Nicol\u00e1s Tagliafico y \u00c1ngel Di Mar\u00eda eligieron despedirlo con im\u00e1genes y palabras de agradecimiento.<\/p>\n\n\n\n<p>Las primeras palabras de Lisandro Mart\u00ednez<\/p>\n\n\n\n<p>Entre las reacciones apareci\u00f3 la de Lisandro Mart\u00ednez, quien utiliz\u00f3 los comentarios de la publicaci\u00f3n para expresar lo que signific\u00f3 compartir la Selecci\u00f3n con Messi. El defensor entrerriano destac\u00f3 especialmente la influencia que tuvo el capit\u00e1n tanto dentro como fuera de la cancha.<\/p>\n\n\n\n<p>\u201cUna tristeza enorme la verdad, uno nunca se prepara para estas cosas, pero de todo coraz\u00f3n: GRACIAS!! Sos mi ejemplo y el ejemplo para todo el mundo, ganador en el futbol y ganador en la vida!!\u201d, expres\u00f3 Mart\u00ednez.<\/p>\n\n\n\n<p>El defensor tambi\u00e9n hizo referencia a lo que significar\u00e1 contarle a su hija que comparti\u00f3 equipo con Messi. \u201cMi hija va a estar muy orgullosa de que su padre comparti\u00f3 equipo con un ser humano extraordinario. Sos el mejor deportista de la historia, porque del f\u00fatbol, la verdad que no hay comparaci\u00f3n. Te quiero much\u00edsimo\u201d, agreg\u00f3.<\/p>\n\n\n\n<p>\u201cSab\u00edamos que este d\u00eda iba a llegar\u201d<\/p>\n\n\n\n<p>Horas despu\u00e9s, Mart\u00ednez profundiz\u00f3 su despedida con una publicaci\u00f3n m\u00e1s extensa dedicada al capit\u00e1n argentino. All\u00ed repas\u00f3 los a\u00f1os que compartieron dentro del seleccionado y admiti\u00f3 que, pese a conocer que el momento llegar\u00eda, resultaba dif\u00edcil asumir el final de esa etapa.<\/p>\n\n\n\n<p>\u201cSab\u00edamos que este d\u00eda iba a llegar\u2026 pero en el fondo nunca quisimos aceptarlo\u201d, comenz\u00f3 el entrerriano. Luego record\u00f3: \u201cFueron tantos a\u00f1os compartidos que es imposible poner en palabras todo lo que vivimos juntos. Victorias que van a quedar para siempre en la historia, momentos inolvidables con la camiseta m\u00e1s linda del mundo, risas en cada concentraci\u00f3n, charlas que quedan guardadas en el coraz\u00f3n y tambi\u00e9n los momentos dif\u00edciles que nos hicieron m\u00e1s fuertes como grupo\u201d.<\/p>\n\n\n\n<p>Las palabras reflejaron el v\u00ednculo construido durante los \u00faltimos a\u00f1os dentro de la Selecci\u00f3n argentina, particularmente entre los integrantes de la generaci\u00f3n que protagoniz\u00f3 las principales conquistas del ciclo encabezado por Lionel Scaloni.<\/p>\n\n\n\n<p>El reconocimiento al ejemplo de Messi<\/p>\n\n\n\n<p>Mart\u00ednez tambi\u00e9n hizo especial hincapi\u00e9 en la dimensi\u00f3n humana del capit\u00e1n y en las ense\u00f1anzas que, seg\u00fan expres\u00f3, dej\u00f3 entre sus compa\u00f1eros. \u201cTu grandeza no fue solo dentro de la cancha, fen\u00f3meno. Fue en cada gesto, en cada palabra, en cada ejemplo\u201d, se\u00f1al\u00f3.<\/p>\n\n\n\n<p>\u201cNos ense\u00f1aste que las acciones valen mucho mas que las palabras, a competir, a creer, a no bajar los brazos nunca y a representar a la Selecci\u00f3n Argentina como se debe\u201d, continu\u00f3 el defensor entrerriano en su despedida.<\/p>\n\n\n\n<p>Adem\u00e1s, agradeci\u00f3 el aporte realizado por Messi durante su extensa trayectoria con la Albiceleste y destac\u00f3 el acompa\u00f1amiento que recibi\u00f3 de su entorno: \u201cGracias por todo lo que le diste al pa\u00eds, a los hinchas que te bancaron siempre y a tu familia que estuvo a tu lado en cada paso del camino. Ellos saben mejor que nadie todo lo que luchaste para llegar hasta donde llegaste\u201d.<\/p>\n\n\n\n<p>\u201cGracias por todo, capit\u00e1n\u201d<\/p>\n\n\n\n<p>En el tramo final de su mensaje, Mart\u00ednez puso el foco en el privilegio personal que signific\u00f3 haber integrado el mismo plantel que Messi y haber participado de una etapa hist\u00f3rica para la Selecci\u00f3n argentina.<\/p>\n\n\n\n<p>\u201cMe llevo el orgullo enorme de haber compartido tantos a\u00f1os con vos, de haber sido parte de esta historia y de haber aprendido del mejor de todos\u201d, escribi\u00f3 el futbolista entrerriano.<\/p>\n\n\n\n<p>Finalmente, resumi\u00f3 su despedida con una frase destinada a destacar la huella que, seg\u00fan consider\u00f3, permanecer\u00e1 m\u00e1s all\u00e1 del retiro: \u201cTe vas de la Selecci\u00f3n, pero tu legado ser\u00e1 eterno. Gracias por todo, capit\u00e1n\u201d.<\/p>\n","protected":false},"excerpt":{"rendered":"<p>Lisandro Mart\u00ednez y su mensaje por el retiro de Messi conmovieron a los seguidores de la Selecci\u00f3n. El entrerriano record\u00f3 los a\u00f1os compartidos con el capit\u00e1n y asegur\u00f3: \u201cMe llevo el orgullo enorme de haber aprendido del mejor de todos\u201d. Lisandro Mart\u00ednez y su mensaje por el retiro de Messi se sumaron a las numerosas [&hellip;]<\/p>\n","protected":false},"author":2,"featured_media":10528,"comment_status":"closed","ping_status":"closed","sticky":false,"template":"","format":"standard","meta":{"_et_pb_use_builder":"","_et_pb_old_content":"","footnotes":""},"categories":[1],"tags":[],"class_list":["post-10527","post","type-post","status-publish","format-standard","has-post-thumbnail","hentry","category-sin-categoria"],"_links":{"self":[{"href":"https:\/\/diarioelfederaense.com.ar\/index.php?rest_route=\/wp\/v2\/posts\/10527"}],"collection":[{"href":"https:\/\/diarioelfederaense.com.ar\/index.php?rest_route=\/wp\/v2\/posts"}],"about":[{"href":"https:\/\/diarioelfederaense.com.ar\/index.php?rest_route=\/wp\/v2\/types\/post"}],"author":[{"embeddable":true,"href":"https:\/\/diarioelfederaense.com.ar\/index.php?rest_route=\/wp\/v2\/users\/2"}],"replies":[{"embeddable":true,"href":"https:\/\/diarioelfederaense.com.ar\/index.php?rest_route=%2Fwp%2Fv2%2Fcomments&post=10527"}],"version-history":[{"count":1,"href":"https:\/\/diarioelfederaense.com.ar\/index.php?rest_route=\/wp\/v2\/posts\/10527\/revisions"}],"predecessor-version":[{"id":10529,"href":"https:\/\/diarioelfederaense.com.ar\/index.php?rest_route=\/wp\/v2\/posts\/10527\/revisions\/10529"}],"wp:featuredmedia":[{"embeddable":true,"href":"https:\/\/diarioelfederaense.com.ar\/index.php?rest_route=\/wp\/v2\/media\/10528"}],"wp:attachment":[{"href":"https:\/\/diarioelfederaense.com.ar\/index.php?rest_route=%2Fwp%2Fv2%2Fmedia&parent=10527"}],"wp:term":[{"taxonomy":"category","embeddable":true,"href":"https:\/\/diarioelfederaense.com.ar\/index.php?rest_route=%2Fwp%2Fv2%2Fcategories&post=10527"},{"taxonomy":"post_tag","embeddable":true,"href":"https:\/\/diarioelfederaense.com.ar\/index.php?rest_route=%2Fwp%2Fv2%2Ftags&post=10527"}],"curies":[{"name":"wp","href":"https:\/\/api.w.org\/{rel}","templated":true}]}}