{"id":10524,"date":"2026-08-31T12:49:49","date_gmt":"2026-08-31T15:49:49","guid":{"rendered":"https:\/\/diarioelfederaense.com.ar\/?p=10524"},"modified":"2026-08-31T12:49:50","modified_gmt":"2026-08-31T15:49:50","slug":"el-parque-acuatico-de-federacion-vuelve-a-recibirte","status":"publish","type":"post","link":"https:\/\/diarioelfederaense.com.ar\/?p=10524","title":{"rendered":"\u00a1EL PARQUE ACU\u00c1TICO DE FEDERACI\u00d3N VUELVE A RECIBIRTE!"},"content":{"rendered":"\n<p>\u00a1La diversi\u00f3n est\u00e1 de regreso! <img loading=\"lazy\" decoding=\"async\" height=\"16\" width=\"16\" alt=\"\ud83d\ude0d\" src=\"https:\/\/static.xx.fbcdn.net\/images\/emoji.php\/v9\/t2\/1\/16\/1f60d.png\"><img loading=\"lazy\" decoding=\"async\" height=\"16\" width=\"16\" alt=\"\u2600\ufe0f\" src=\"https:\/\/static.xx.fbcdn.net\/images\/emoji.php\/v9\/t6d\/1\/16\/2600.png\"><\/p>\n\n\n\n<p>Este 18 de septiembre, el Parque Acu\u00e1tico de Federaci\u00f3n reabre sus puertas para que vuelvas a disfrutar de un d\u00eda lleno de adrenalina, juegos, agua y momentos inolvidables. <img loading=\"lazy\" decoding=\"async\" height=\"16\" width=\"16\" alt=\"\ud83d\udedd\" src=\"https:\/\/static.xx.fbcdn.net\/images\/emoji.php\/v9\/t4e\/1\/16\/1f6dd.png\"><img loading=\"lazy\" decoding=\"async\" height=\"16\" width=\"16\" alt=\"\ud83d\udca6\" src=\"https:\/\/static.xx.fbcdn.net\/images\/emoji.php\/v9\/tc1\/1\/16\/1f4a6.png\"><\/p>\n\n\n\n<p><img loading=\"lazy\" decoding=\"async\" height=\"16\" width=\"16\" alt=\"\ud83d\udcc5\" src=\"https:\/\/static.xx.fbcdn.net\/images\/emoji.php\/v9\/t7e\/1\/16\/1f4c5.png\"> Reapertura: 18 de septiembre<\/p>\n","protected":false},"excerpt":{"rendered":"<p>\u00a1La diversi\u00f3n est\u00e1 de regreso! Este 18 de septiembre, el Parque Acu\u00e1tico de Federaci\u00f3n reabre sus puertas para que vuelvas a disfrutar de un d\u00eda lleno de adrenalina, juegos, agua y momentos inolvidables. Reapertura: 18 de septiembre<\/p>\n","protected":false},"author":2,"featured_media":10525,"comment_status":"closed","ping_status":"closed","sticky":false,"template":"","format":"standard","meta":{"_et_pb_use_builder":"","_et_pb_old_content":"","footnotes":""},"categories":[1],"tags":[],"class_list":["post-10524","post","type-post","status-publish","format-standard","has-post-thumbnail","hentry","category-sin-categoria"],"_links":{"self":[{"href":"https:\/\/diarioelfederaense.com.ar\/index.php?rest_route=\/wp\/v2\/posts\/10524"}],"collection":[{"href":"https:\/\/diarioelfederaense.com.ar\/index.php?rest_route=\/wp\/v2\/posts"}],"about":[{"href":"https:\/\/diarioelfederaense.com.ar\/index.php?rest_route=\/wp\/v2\/types\/post"}],"author":[{"embeddable":true,"href":"https:\/\/diarioelfederaense.com.ar\/index.php?rest_route=\/wp\/v2\/users\/2"}],"replies":[{"embeddable":true,"href":"https:\/\/diarioelfederaense.com.ar\/index.php?rest_route=%2Fwp%2Fv2%2Fcomments&post=10524"}],"version-history":[{"count":1,"href":"https:\/\/diarioelfederaense.com.ar\/index.php?rest_route=\/wp\/v2\/posts\/10524\/revisions"}],"predecessor-version":[{"id":10526,"href":"https:\/\/diarioelfederaense.com.ar\/index.php?rest_route=\/wp\/v2\/posts\/10524\/revisions\/10526"}],"wp:featuredmedia":[{"embeddable":true,"href":"https:\/\/diarioelfederaense.com.ar\/index.php?rest_route=\/wp\/v2\/media\/10525"}],"wp:attachment":[{"href":"https:\/\/diarioelfederaense.com.ar\/index.php?rest_route=%2Fwp%2Fv2%2Fmedia&parent=10524"}],"wp:term":[{"taxonomy":"category","embeddable":true,"href":"https:\/\/diarioelfederaense.com.ar\/index.php?rest_route=%2Fwp%2Fv2%2Fcategories&post=10524"},{"taxonomy":"post_tag","embeddable":true,"href":"https:\/\/diarioelfederaense.com.ar\/index.php?rest_route=%2Fwp%2Fv2%2Ftags&post=10524"}],"curies":[{"name":"wp","href":"https:\/\/api.w.org\/{rel}","templated":true}]}}