{"id":10515,"date":"2026-08-31T12:10:45","date_gmt":"2026-08-31T15:10:45","guid":{"rendered":"https:\/\/diarioelfederaense.com.ar\/?p=10515"},"modified":"2026-08-31T12:10:46","modified_gmt":"2026-08-31T15:10:46","slug":"federacion-un-jurado-popular-declaro-culpable-a-un-hombre-por-abuso-sexual-gravemente-ultrajante","status":"publish","type":"post","link":"https:\/\/diarioelfederaense.com.ar\/?p=10515","title":{"rendered":"Federaci\u00f3n: un jurado popular declar\u00f3 culpable a un hombre por abuso sexual gravemente ultrajante"},"content":{"rendered":"\n<p>El veredicto se conoci\u00f3 este viernes luego de tres jornadas de debate. La audiencia de cesura, en la que se definir\u00e1 la pena, se realizar\u00e1 el 3 de septiembre en los Tribunales de Concordia.<\/p>\n\n\n\n<figure class=\"wp-block-image\"><img decoding=\"async\" src=\"https:\/\/7paginas.com.ar\/wp-content\/uploads\/2024\/06\/perfil.png\" alt=\"Picture of Redacci\u00f3n 7Paginas\"\/><\/figure>\n\n\n\n<h4 class=\"wp-block-heading\">Redacci\u00f3n 7Paginas<\/h4>\n\n\n\n<p><strong>Facebook<\/strong><\/p>\n\n\n\n<p><strong>Twitter<\/strong><\/p>\n\n\n\n<p><strong>WhatsApp<\/strong><\/p>\n\n\n\n<figure class=\"wp-block-image\"><img decoding=\"async\" src=\"https:\/\/7paginas.com.ar\/wp-content\/uploads\/2026\/08\/Captura-de-pantalla-2026-08-29-010633.png\" alt=\"\" class=\"wp-image-132946\"\/><\/figure>\n\n\n\n<p>Un jurado popular de Federaci\u00f3n declar\u00f3 culpable a G. E. H. por el delito de abuso sexual gravemente ultrajante, al t\u00e9rmino de un juicio que se desarroll\u00f3 durante cuatro jornadas en esa ciudad.<\/p>\n\n\n\n<p>El debate cont\u00f3 con tres jornadas de exposici\u00f3n y an\u00e1lisis de las pruebas, mientras que este viernes el jurado popular se reuni\u00f3 para deliberar y finalmente emitir su veredicto.<\/p>\n\n\n\n<p>La decisi\u00f3n fue comunicada en el Sal\u00f3n de la Democracia, ubicado en el primer piso del Centro C\u00edvico de Federaci\u00f3n. Tras conocerse la declaraci\u00f3n de culpabilidad, el juez t\u00e9cnico y vocal del Tribunal de Juicio y Apelaciones de Concordia, Germ\u00e1n Dri, inform\u00f3 que la audiencia de cesura se llevar\u00e1 a cabo el pr\u00f3ximo 3 de septiembre en los Tribunales de Concordia.<\/p>\n\n\n\n<p>En esa instancia, las partes expondr\u00e1n sus argumentos respecto de la pena que deber\u00e1 cumplir el condenado, de acuerdo con el delito por el cual fue declarado culpable.<\/p>\n\n\n\n<p>Durante el juicio, el Ministerio P\u00fablico Fiscal estuvo representado por la fiscal Josefina Pen\u00f3n Busaniche, mientras que la defensa de Gomez. E. H. estuvo a cargo del defensor oficial Joaqu\u00edn Garaycoechea.<\/p>\n\n\n\n<p>El proceso se enmarca en la implementaci\u00f3n del sistema de juicio por jurados en Entre R\u00edos. Seg\u00fan se inform\u00f3, este caso constituye el juicio por jurados n\u00famero 171 realizado en la provincia desde la puesta en funcionamiento de este mecanismo de juzgamiento penal.<\/p>\n","protected":false},"excerpt":{"rendered":"<p>El veredicto se conoci\u00f3 este viernes luego de tres jornadas de debate. La audiencia de cesura, en la que se definir\u00e1 la pena, se realizar\u00e1 el 3 de septiembre en los Tribunales de Concordia. Redacci\u00f3n 7Paginas Facebook Twitter WhatsApp Un jurado popular de Federaci\u00f3n declar\u00f3 culpable a G. E. H. por el delito de abuso [&hellip;]<\/p>\n","protected":false},"author":2,"featured_media":10516,"comment_status":"closed","ping_status":"closed","sticky":false,"template":"","format":"standard","meta":{"_et_pb_use_builder":"","_et_pb_old_content":"","footnotes":""},"categories":[1],"tags":[],"class_list":["post-10515","post","type-post","status-publish","format-standard","has-post-thumbnail","hentry","category-sin-categoria"],"_links":{"self":[{"href":"https:\/\/diarioelfederaense.com.ar\/index.php?rest_route=\/wp\/v2\/posts\/10515"}],"collection":[{"href":"https:\/\/diarioelfederaense.com.ar\/index.php?rest_route=\/wp\/v2\/posts"}],"about":[{"href":"https:\/\/diarioelfederaense.com.ar\/index.php?rest_route=\/wp\/v2\/types\/post"}],"author":[{"embeddable":true,"href":"https:\/\/diarioelfederaense.com.ar\/index.php?rest_route=\/wp\/v2\/users\/2"}],"replies":[{"embeddable":true,"href":"https:\/\/diarioelfederaense.com.ar\/index.php?rest_route=%2Fwp%2Fv2%2Fcomments&post=10515"}],"version-history":[{"count":1,"href":"https:\/\/diarioelfederaense.com.ar\/index.php?rest_route=\/wp\/v2\/posts\/10515\/revisions"}],"predecessor-version":[{"id":10517,"href":"https:\/\/diarioelfederaense.com.ar\/index.php?rest_route=\/wp\/v2\/posts\/10515\/revisions\/10517"}],"wp:featuredmedia":[{"embeddable":true,"href":"https:\/\/diarioelfederaense.com.ar\/index.php?rest_route=\/wp\/v2\/media\/10516"}],"wp:attachment":[{"href":"https:\/\/diarioelfederaense.com.ar\/index.php?rest_route=%2Fwp%2Fv2%2Fmedia&parent=10515"}],"wp:term":[{"taxonomy":"category","embeddable":true,"href":"https:\/\/diarioelfederaense.com.ar\/index.php?rest_route=%2Fwp%2Fv2%2Fcategories&post=10515"},{"taxonomy":"post_tag","embeddable":true,"href":"https:\/\/diarioelfederaense.com.ar\/index.php?rest_route=%2Fwp%2Fv2%2Ftags&post=10515"}],"curies":[{"name":"wp","href":"https:\/\/api.w.org\/{rel}","templated":true}]}}