{"id":10512,"date":"2026-08-31T12:01:07","date_gmt":"2026-08-31T15:01:07","guid":{"rendered":"https:\/\/diarioelfederaense.com.ar\/?p=10512"},"modified":"2026-08-31T12:01:08","modified_gmt":"2026-08-31T15:01:08","slug":"chajari-2040-el-ambicioso-plan-para-convertir-al-municipio-en-motor-productivo","status":"publish","type":"post","link":"https:\/\/diarioelfederaense.com.ar\/?p=10512","title":{"rendered":"CHAJAR\u00cd 2040: EL AMBICIOSO PLAN PARA CONVERTIR AL MUNICIPIO EN MOTOR PRODUCTIVO"},"content":{"rendered":"\n<p>Empresas municipales, viviendas, obras, turismo, empleo, financiamiento, reciclado y v\u00ednculos estrat\u00e9gicos con China: el proyecto busca cambiar de ra\u00edz el modelo de gesti\u00f3n y proyectar una nueva Chajar\u00ed hacia 2040.<\/p>\n\n\n\n<p>Presentaron formalmente la plataforma del vecinalismo encabezada por Amilcar Fochesatto rumbo al 2027 y el Plan Estrat\u00e9gico Municipal Chajar\u00ed 2027-2040 propone una transformaci\u00f3n profunda de la estructura municipal: pasar de un municipio que principalmente administra y contrata servicios a un municipio con empresas propias, capacidad productiva, herramientas financieras y participaci\u00f3n directa en \u00e1reas estrat\u00e9gicas de la econom\u00eda local.<\/p>\n\n\n\n<p>Uno de los ejes centrales es la creaci\u00f3n de un Holding Municipal de Empresas Productivas, que coordinar\u00eda distintas sociedades y organismos destinados a intervenir en infraestructura, vivienda, turismo, energ\u00eda, log\u00edstica, reciclado, producci\u00f3n, servicios agropecuarios y desarrollo econ\u00f3mico.<\/p>\n\n\n\n<p>La propuesta incluye una Empresa Municipal de Infraestructura, otra de materiales para la construcci\u00f3n, una empresa de servicios productivos, una estructura para el desarrollo habitacional y una Agencia Municipal de Desarrollo Financiero, que concentrar\u00eda la planificaci\u00f3n y el respaldo econ\u00f3mico de los proyectos municipales.<\/p>\n\n\n\n<p>El plan tambi\u00e9n apunta fuerte a la econom\u00eda circular, buscando convertir a Chajar\u00ed en un centro regional de reciclado y recuperaci\u00f3n de materiales, incluso con una empresa dedicada a la recuperaci\u00f3n de veh\u00edculos. En producci\u00f3n, propone el denominado \u201cSistema Chajar\u00ed Integra\u201d, con producci\u00f3n, abastecimiento y comercializaci\u00f3n organizada de alimentos.<\/p>\n\n\n\n<p>Otro cap\u00edtulo importante es el desarrollo del turismo como actividad econ\u00f3mica permanente, procurando que el visitante no solamente llegue a la ciudad, sino que permanezca m\u00e1s d\u00edas, consuma m\u00e1s servicios y genere mayor movimiento para el comercio y el sector privado.<\/p>\n\n\n\n<p>La educaci\u00f3n y el trabajo tambi\u00e9n aparecen como pilares. Se plantea un ente municipal para el desarrollo universitario y la retenci\u00f3n de talentos, con convenios con universidades para que los j\u00f3venes puedan formarse en Chajar\u00ed y luego regresar o permanecer trabajando en la ciudad. A esto se suma una Escuela Municipal de Oficios y Capacitaci\u00f3n Productiva, con formaci\u00f3n gratuita o de bajo costo y hasta un centro de cuidado infantil para facilitar la asistencia de quienes quieran capacitarse.<\/p>\n\n\n\n<p>Una mirada hacia China<\/p>\n\n\n\n<p>Entre los aspectos que abren un debate diferente aparece la intenci\u00f3n de buscar vinculaciones estrat\u00e9gicas con organizaciones y actores de China, aprovechando posibilidades de cooperaci\u00f3n, tecnolog\u00eda, equipamiento y alternativas de financiamiento o adquisici\u00f3n a costos m\u00e1s competitivos, con el objetivo de hacer viables algunas de las obras y proyectos planteados.<\/p>\n\n\n\n<p>La idea, en t\u00e9rminos pol\u00edticos y econ\u00f3micos, es ampliar el abanico de socios estrat\u00e9gicos y no depender exclusivamente de los mecanismos tradicionales de contrataci\u00f3n y financiamiento, buscando alternativas internacionales que permitan desarrollar infraestructura y capacidad productiva con menores costos. M\u00e1s obras, m\u00e1s control y nuevos servicios<\/p>\n\n\n\n<p>El plan contempla adem\u00e1s entre 40 y 50 cuadras de pavimentaci\u00f3n por a\u00f1o, obras de cord\u00f3n cuneta y veredas, mejoras en espacios p\u00fablicos, modernizaci\u00f3n del cableado, se\u00f1alizaci\u00f3n urbana, agua, saneamiento y drenaje.<\/p>\n\n\n\n<p>En tr\u00e1nsito propone c\u00e1maras de control, sincronizaci\u00f3n de sem\u00e1foros, ordenamiento del estacionamiento y espacios espec\u00edficos para motos y bicicletas.<\/p>\n\n\n\n<p>Tambi\u00e9n incorpora pol\u00edticas de seguridad, emergencias, desarrollo social, deporte, participaci\u00f3n barrial y patrimonio municipal. Incluso plantea un Marketplace Municipal para transparentar y hacer m\u00e1s eficientes las compras y contrataciones del Estado.<\/p>\n","protected":false},"excerpt":{"rendered":"<p>Empresas municipales, viviendas, obras, turismo, empleo, financiamiento, reciclado y v\u00ednculos estrat\u00e9gicos con China: el proyecto busca cambiar de ra\u00edz el modelo de gesti\u00f3n y proyectar una nueva Chajar\u00ed hacia 2040. Presentaron formalmente la plataforma del vecinalismo encabezada por Amilcar Fochesatto rumbo al 2027 y el Plan Estrat\u00e9gico Municipal Chajar\u00ed 2027-2040 propone una transformaci\u00f3n profunda de [&hellip;]<\/p>\n","protected":false},"author":2,"featured_media":10513,"comment_status":"closed","ping_status":"closed","sticky":false,"template":"","format":"standard","meta":{"_et_pb_use_builder":"","_et_pb_old_content":"","footnotes":""},"categories":[1],"tags":[],"class_list":["post-10512","post","type-post","status-publish","format-standard","has-post-thumbnail","hentry","category-sin-categoria"],"_links":{"self":[{"href":"https:\/\/diarioelfederaense.com.ar\/index.php?rest_route=\/wp\/v2\/posts\/10512"}],"collection":[{"href":"https:\/\/diarioelfederaense.com.ar\/index.php?rest_route=\/wp\/v2\/posts"}],"about":[{"href":"https:\/\/diarioelfederaense.com.ar\/index.php?rest_route=\/wp\/v2\/types\/post"}],"author":[{"embeddable":true,"href":"https:\/\/diarioelfederaense.com.ar\/index.php?rest_route=\/wp\/v2\/users\/2"}],"replies":[{"embeddable":true,"href":"https:\/\/diarioelfederaense.com.ar\/index.php?rest_route=%2Fwp%2Fv2%2Fcomments&post=10512"}],"version-history":[{"count":1,"href":"https:\/\/diarioelfederaense.com.ar\/index.php?rest_route=\/wp\/v2\/posts\/10512\/revisions"}],"predecessor-version":[{"id":10514,"href":"https:\/\/diarioelfederaense.com.ar\/index.php?rest_route=\/wp\/v2\/posts\/10512\/revisions\/10514"}],"wp:featuredmedia":[{"embeddable":true,"href":"https:\/\/diarioelfederaense.com.ar\/index.php?rest_route=\/wp\/v2\/media\/10513"}],"wp:attachment":[{"href":"https:\/\/diarioelfederaense.com.ar\/index.php?rest_route=%2Fwp%2Fv2%2Fmedia&parent=10512"}],"wp:term":[{"taxonomy":"category","embeddable":true,"href":"https:\/\/diarioelfederaense.com.ar\/index.php?rest_route=%2Fwp%2Fv2%2Fcategories&post=10512"},{"taxonomy":"post_tag","embeddable":true,"href":"https:\/\/diarioelfederaense.com.ar\/index.php?rest_route=%2Fwp%2Fv2%2Ftags&post=10512"}],"curies":[{"name":"wp","href":"https:\/\/api.w.org\/{rel}","templated":true}]}}